{"id":11462,"date":"2019-07-07T22:58:40","date_gmt":"2019-07-07T20:58:40","guid":{"rendered":"http:\/\/eksm.de\/blog\/reise\/?p=11462"},"modified":"2019-07-07T23:17:31","modified_gmt":"2019-07-07T21:17:31","slug":"die-erste-etappe-ist-geschafft","status":"publish","type":"post","link":"https:\/\/eksm.de\/blog\/reise\/?p=11462","title":{"rendered":"Die erste Etappe ist geschafft"},"content":{"rendered":"<p>Wir sind noch nie so schnell nach Herbolzhausen gekommen. Es waren zwar einige Baustellen, aber auf unserer Seite gab es keinen Stau. Der Zustand der westlichen Autobahnen bessert sich so langsam und kommt bald auf das Ostniveau \ud83d\ude0a.<br \/>\nDie Kirchengemeinde war so nett uns aufzunehmen und wir k\u00f6nnen kostenlos hier \u00fcbernachten.<br \/>\nWir haben drau\u00dfen gesessen und dann schon das Abendbrot vorbereitet, bis Frank Peternell mit dem gro\u00dfen Gep\u00e4ck (Zelte, Essen, K\u00fcche) ankam, das erst noch im Jugendhaus Walperloh eingeladen werden musste.<br \/>\nHeute hat Paul Bocuse (-schreibt man den so?-) in der K\u00fcche noch keinen Platz gefunden. Es gab W\u00fcrstchen und Salat. In der Ardeche werden wir dann unsere K\u00fcche aufbauen und dann geht es los mit dem wirklichen Kochen.<br \/>\nAm Abend haben sich alle angeregt unterhalten. Was mir gef\u00e4llt ist, dass sich alles gut mischt und keiner au\u00dfen vor ist. Ich habe ein gutes Gef\u00fchl f\u00fcr die kommenden Tage.<\/p>\n<p>Ich wei\u00df nicht, wie unser angehender Lehrer Joni es hinbekommen hat. Es ist noch nicht mal 23 Uhr und es ist alles ruhig, obwohl in dem einen Raum \u00fcber 40 Leute sind. Es beweist wieder einmal, das es doch das Beste ist, wenn alle in einem Raum schlafen und die Erwachsenen mit.<br \/>\nIn Frankreich ist das ja nun strengstens verboten. &nbsp;Na ja, wir passen dann eh nicht alle in ein Zelt\u2026<\/p>\n<p>Wir haben ausgemacht, dass wir morgen so fr\u00fch wie m\u00f6glich aufbrechen. Es w\u00e4re sch\u00f6n, wenn wir am sp\u00e4ten Nachmittag noch die Zelte aufstellen k\u00f6nnen.<\/p>\n<p>So, da es so traumhaft ruhig ist, werde ich mich jetzt auch zur Nachtruhe begeben. Viele Gr\u00fc\u00dfe nach Hause! Euer Dietmar<\/p>\nngg_shortcode_0_placeholder\n","protected":false},"excerpt":{"rendered":"<p>Wir sind noch nie so schnell nach Herbolzhausen gekommen. Es waren zwar einige Baustellen, aber auf unserer Seite gab es keinen Stau. Der Zustand der westlichen Autobahnen bessert sich so langsam und kommt bald auf das Ostniveau \ud83d\ude0a. Die Kirchengemeinde war so nett uns aufzunehmen und wir k\u00f6nnen kostenlos hier \u00fcbernachten. Wir haben drau\u00dfen gesessen &hellip; <a href=\"https:\/\/eksm.de\/blog\/reise\/?p=11462\" class=\"more-link\"><span class=\"screen-reader-text\">Die erste Etappe ist geschafft<\/span> weiterlesen <span class=\"meta-nav\">&rarr;<\/span><\/a><\/p>\n","protected":false},"author":1,"featured_media":0,"comment_status":"open","ping_status":"closed","sticky":false,"template":"","format":"standard","meta":{"ngg_post_thumbnail":0,"footnotes":"","_links_to":"","_links_to_target":""},"categories":[1],"tags":[27,39],"class_list":["post-11462","post","type-post","status-publish","format-standard","hentry","category-allgemein","tag-frankreich","tag-jugendfreizeit"],"_links":{"self":[{"href":"https:\/\/eksm.de\/blog\/reise\/index.php?rest_route=\/wp\/v2\/posts\/11462","targetHints":{"allow":["GET"]}}],"collection":[{"href":"https:\/\/eksm.de\/blog\/reise\/index.php?rest_route=\/wp\/v2\/posts"}],"about":[{"href":"https:\/\/eksm.de\/blog\/reise\/index.php?rest_route=\/wp\/v2\/types\/post"}],"author":[{"embeddable":true,"href":"https:\/\/eksm.de\/blog\/reise\/index.php?rest_route=\/wp\/v2\/users\/1"}],"replies":[{"embeddable":true,"href":"https:\/\/eksm.de\/blog\/reise\/index.php?rest_route=%2Fwp%2Fv2%2Fcomments&post=11462"}],"version-history":[{"count":3,"href":"https:\/\/eksm.de\/blog\/reise\/index.php?rest_route=\/wp\/v2\/posts\/11462\/revisions"}],"predecessor-version":[{"id":11497,"href":"https:\/\/eksm.de\/blog\/reise\/index.php?rest_route=\/wp\/v2\/posts\/11462\/revisions\/11497"}],"wp:attachment":[{"href":"https:\/\/eksm.de\/blog\/reise\/index.php?rest_route=%2Fwp%2Fv2%2Fmedia&parent=11462"}],"wp:term":[{"taxonomy":"category","embeddable":true,"href":"https:\/\/eksm.de\/blog\/reise\/index.php?rest_route=%2Fwp%2Fv2%2Fcategories&post=11462"},{"taxonomy":"post_tag","embeddable":true,"href":"https:\/\/eksm.de\/blog\/reise\/index.php?rest_route=%2Fwp%2Fv2%2Ftags&post=11462"}],"curies":[{"name":"wp","href":"https:\/\/api.w.org\/{rel}","templated":true}]}}