{"id":11499,"date":"2019-07-08T23:14:27","date_gmt":"2019-07-08T21:14:27","guid":{"rendered":"http:\/\/eksm.de\/blog\/reise\/?p=11499"},"modified":"2019-07-09T00:25:39","modified_gmt":"2019-07-08T22:25:39","slug":"die-fahrt-in-die-ardeche","status":"publish","type":"post","link":"https:\/\/eksm.de\/blog\/reise\/?p=11499","title":{"rendered":"Die Fahrt in die Ardeche"},"content":{"rendered":"<p>Die Badener haben uns um 6 Uhr (!) aus dem Bett geworfen. Da l\u00e4uteten in unserem Kirchlein die Glocken. Das bedeutete, dass alle auf einem Schlag munter waren und wir schon kurz nach 8 Uhr im Auto sa\u00dfen.<\/p>\n<p>Die Fahrt war lang. Die Temperaturen stiegen auf 36\u00b0 im Schatten. Zum Gl\u00fcck gab es gleich ein passendes Lied (&#8222;36\u00b0&#8220;), das wir lautstark mitsingen konnten. Im \u00dcbrigen kenne ich mich mittlerweile&nbsp; wieder ganz gut in den Charts aus, denn icb hatte freundliche DJ\u2019s im Auto, die mich vor den etwas nervigen Texten der derzeitigen Rapper beh\u00fctet haben. Alles nur sehr angenehme und vertretbare Musik. Anton hat sich da schon bei den Jungs Anderes angetan.<\/p>\n<p>Hier auf dem Zeltplatz gab es erst gr\u00f6\u00dfere Verwirrung, weil es auf den zugewiesenen Pl\u00e4tzen nicht genug Platz f\u00fcr unser gro\u00dfes Zelt gab. Nach verschiedensten Gespr\u00e4chen mit dem Zeltplatzwart haben wir doch noch einen passenden Platz gefunden. Bei 34\u00b0 am Abend sind sie alle ganz sch\u00f6n geschafft. Ich hatte gar nicht gedacht, dass wir sie soweit m\u00fcde bek\u00e4men. Obwohl, heute reden sie noch l\u00e4nger, es ist aber nicht laut.<\/p>\n<p>Nach eine schnellen improvisierten Suppe, bei der Paul Bocuse wieder nicht mitgewirkt hat, geht es jetzt allen wieder ganz gut.<\/p>\n<p>Morgen fr\u00fch werden wir kr\u00e4ftig fr\u00fchst\u00fccken, bevor wir uns auf die Paddelboote begeben. Die Wetterberichte sind ganz unterschiedlich. Meine Apps (windows) sagen nur Sonnenschein voraus, die apple-affinen Apps rechnen eher mit Regen. Also, wir&nbsp; werden ja&nbsp; sehen, wer nun recht hat. Zumindest Gewitter meldet niemand.<\/p>\n<p>Ein paar Bilder von heute habe ich noch\u2026<br \/>\nEuer Dietmar<\/p>\nngg_shortcode_0_placeholder\n","protected":false},"excerpt":{"rendered":"<p>Die Badener haben uns um 6 Uhr (!) aus dem Bett geworfen. Da l\u00e4uteten in unserem Kirchlein die Glocken. Das bedeutete, dass alle auf einem Schlag munter waren und wir schon kurz nach 8 Uhr im Auto sa\u00dfen. Die Fahrt war lang. Die Temperaturen stiegen auf 36\u00b0 im Schatten. Zum Gl\u00fcck gab es gleich ein &hellip; <a href=\"https:\/\/eksm.de\/blog\/reise\/?p=11499\" class=\"more-link\"><span class=\"screen-reader-text\">Die Fahrt in die Ardeche<\/span> weiterlesen <span class=\"meta-nav\">&rarr;<\/span><\/a><\/p>\n","protected":false},"author":1,"featured_media":0,"comment_status":"open","ping_status":"closed","sticky":false,"template":"","format":"standard","meta":{"ngg_post_thumbnail":0,"footnotes":"","_links_to":"","_links_to_target":""},"categories":[1],"tags":[27,39],"class_list":["post-11499","post","type-post","status-publish","format-standard","hentry","category-allgemein","tag-frankreich","tag-jugendfreizeit"],"_links":{"self":[{"href":"https:\/\/eksm.de\/blog\/reise\/index.php?rest_route=\/wp\/v2\/posts\/11499","targetHints":{"allow":["GET"]}}],"collection":[{"href":"https:\/\/eksm.de\/blog\/reise\/index.php?rest_route=\/wp\/v2\/posts"}],"about":[{"href":"https:\/\/eksm.de\/blog\/reise\/index.php?rest_route=\/wp\/v2\/types\/post"}],"author":[{"embeddable":true,"href":"https:\/\/eksm.de\/blog\/reise\/index.php?rest_route=\/wp\/v2\/users\/1"}],"replies":[{"embeddable":true,"href":"https:\/\/eksm.de\/blog\/reise\/index.php?rest_route=%2Fwp%2Fv2%2Fcomments&post=11499"}],"version-history":[{"count":5,"href":"https:\/\/eksm.de\/blog\/reise\/index.php?rest_route=\/wp\/v2\/posts\/11499\/revisions"}],"predecessor-version":[{"id":11560,"href":"https:\/\/eksm.de\/blog\/reise\/index.php?rest_route=\/wp\/v2\/posts\/11499\/revisions\/11560"}],"wp:attachment":[{"href":"https:\/\/eksm.de\/blog\/reise\/index.php?rest_route=%2Fwp%2Fv2%2Fmedia&parent=11499"}],"wp:term":[{"taxonomy":"category","embeddable":true,"href":"https:\/\/eksm.de\/blog\/reise\/index.php?rest_route=%2Fwp%2Fv2%2Fcategories&post=11499"},{"taxonomy":"post_tag","embeddable":true,"href":"https:\/\/eksm.de\/blog\/reise\/index.php?rest_route=%2Fwp%2Fv2%2Ftags&post=11499"}],"curies":[{"name":"wp","href":"https:\/\/api.w.org\/{rel}","templated":true}]}}