{"id":11651,"date":"2019-07-10T23:41:33","date_gmt":"2019-07-10T21:41:33","guid":{"rendered":"http:\/\/eksm.de\/blog\/reise\/?p=11651"},"modified":"2019-07-11T00:37:42","modified_gmt":"2019-07-10T22:37:42","slug":"traumhafte-fahrt-ueber-die-berge-ins-tal-nach-avignon","status":"publish","type":"post","link":"https:\/\/eksm.de\/blog\/reise\/?p=11651","title":{"rendered":"Traumhafte Fahrt \u00fcber die Berge ins Tal nach Avignon"},"content":{"rendered":"<p>Von der Ard\u00e8che aus wirken die umgebenden Feslsen gar nicht so hoch. Wenn man von oben herunter schaut, merkt man, wie tief sich das Wasser in die Felsen gegraben hat. Es ist ein wunderbarer Blick. Auch wenn wir nicht viel h\u00f6her waren als auf dem Fl\u00f6her H\u00e4uschen ist alles viel gewaltiger, denn der Flu\u00df ist nicht sehr viel h\u00f6her als 40m \u00fcber dem Meeresspiegel. Das Mittelmeer ist nicht mehr weit weg. Auch die Hitze ist hier schon betr\u00e4chtlich. Es war in den Bergen \u00fcber 32\u00b0, in Avignon ging es schon auf 37\u00b0 im Schatten zu.<br \/>\nHier hat uns ein wahnsinniges \u201eKonzert\u201c der Zikaden empfangen. Sie sind so laut wie die Motorr\u00e4der vor dem Seligenthaler Pfarrhaus. Ich werde es morgen mal messen. Ich denke sie liegen so bei 65dB und erst um 22:30 Uhr h\u00f6ren sie auf zu \u201emusizieren\u201c. Wenn wir laut sind, werden sie noch lauter, denn sie sehen uns wohl als potenzielle Konkurrenten an. Da eine Mutter besorgt gefragt hat, ob uns die Zikaden gef\u00e4hrlich werden k\u00f6nnen, kann ich sie beruhigen \ud83d\ude0a. Sie sind ja nicht viel gr\u00f6\u00dfer als Grash\u00fcpfer und man findet nur ihre abgelegten H\u00e4ute auf dem Boden. Ansonsten sieht man sie nicht, man h\u00f6rt sie nur.<\/p>\n<p>Wir wollten heute ein schnelles Essen machen: Ein Curry mit H\u00fchnerfleisch und Gem\u00fcse. Zuhause ein Gericht, das man in 25 Min. zubereitet. F\u00fcr 43 Leute dauert es schon wesentlich l\u00e4nger und so habenen wir uns ganz sch\u00f6n mit der Zeit versch\u00e4tzt. Der riesige Topf ist daf\u00fcr fast alle geworden. &nbsp;<\/p>\n<p>Jetzt ist sind die Zikaden ganz leise und man h\u00f6rt wieder, was in den Zelten erz\u00e4hlt wird.<\/p>\n<p>Bez\u00fcglich unseres gro\u00dfen Zeltes wurden wir vorhin gefragt, ob wir vom Zirkus k\u00e4men. Und unsere Nachbarn mit mehreren Kindern waren besorgt, dass die kleinen Kinder nun nachts nicht schlafen k\u00f6nnen. Ich habe versucht sie zu beruhigen, aber auch unsere Leute tun sich in der W\u00e4rme schwer ruhig zu werden.&nbsp;<br \/>\nIch muss mich jetzt erst mal mit Autan einspr\u00fchen, denn die M\u00fccken nerven mich gewaltig&#8230;<\/p>\n<p>Morgen werden wir nach dem Fr\u00fchst\u00fcck die Stadt erkunden: die ber\u00fchmte Br\u00fccke von Avignon, den Papstpalast und noch ein paar Sachen in der Altstadt. Wir m\u00fcssen auch herausfinden, was am Nationalfeiertag in Avignon geplant ist. DieFranzosen sind anders als wir Deutschen. Am 14. Juli wird kr\u00e4ftig \u00f6ffentlich gefeiert. Es d\u00fcrfte ein gro\u00dfartiges Feuerwerk geben, das wir auf keinen Fall verpassen d\u00fcrfen. Aber davon morgen mehr. &nbsp;<\/p>\n<p>Euer Dietmar<\/p>\nngg_shortcode_0_placeholder\n","protected":false},"excerpt":{"rendered":"<p>Von der Ard\u00e8che aus wirken die umgebenden Feslsen gar nicht so hoch. Wenn man von oben herunter schaut, merkt man, wie tief sich das Wasser in die Felsen gegraben hat. Es ist ein wunderbarer Blick. Auch wenn wir nicht viel h\u00f6her waren als auf dem Fl\u00f6her H\u00e4uschen ist alles viel gewaltiger, denn der Flu\u00df ist &hellip; <a href=\"https:\/\/eksm.de\/blog\/reise\/?p=11651\" class=\"more-link\"><span class=\"screen-reader-text\">Traumhafte Fahrt \u00fcber die Berge ins Tal nach Avignon<\/span> weiterlesen <span class=\"meta-nav\">&rarr;<\/span><\/a><\/p>\n","protected":false},"author":1,"featured_media":11756,"comment_status":"open","ping_status":"closed","sticky":false,"template":"","format":"standard","meta":{"ngg_post_thumbnail":0,"footnotes":"","_links_to":"","_links_to_target":""},"categories":[1],"tags":[27,39],"class_list":["post-11651","post","type-post","status-publish","format-standard","has-post-thumbnail","hentry","category-allgemein","tag-frankreich","tag-jugendfreizeit"],"_links":{"self":[{"href":"https:\/\/eksm.de\/blog\/reise\/index.php?rest_route=\/wp\/v2\/posts\/11651","targetHints":{"allow":["GET"]}}],"collection":[{"href":"https:\/\/eksm.de\/blog\/reise\/index.php?rest_route=\/wp\/v2\/posts"}],"about":[{"href":"https:\/\/eksm.de\/blog\/reise\/index.php?rest_route=\/wp\/v2\/types\/post"}],"author":[{"embeddable":true,"href":"https:\/\/eksm.de\/blog\/reise\/index.php?rest_route=\/wp\/v2\/users\/1"}],"replies":[{"embeddable":true,"href":"https:\/\/eksm.de\/blog\/reise\/index.php?rest_route=%2Fwp%2Fv2%2Fcomments&post=11651"}],"version-history":[{"count":4,"href":"https:\/\/eksm.de\/blog\/reise\/index.php?rest_route=\/wp\/v2\/posts\/11651\/revisions"}],"predecessor-version":[{"id":11755,"href":"https:\/\/eksm.de\/blog\/reise\/index.php?rest_route=\/wp\/v2\/posts\/11651\/revisions\/11755"}],"wp:featuredmedia":[{"embeddable":true,"href":"https:\/\/eksm.de\/blog\/reise\/index.php?rest_route=\/wp\/v2\/media\/11756"}],"wp:attachment":[{"href":"https:\/\/eksm.de\/blog\/reise\/index.php?rest_route=%2Fwp%2Fv2%2Fmedia&parent=11651"}],"wp:term":[{"taxonomy":"category","embeddable":true,"href":"https:\/\/eksm.de\/blog\/reise\/index.php?rest_route=%2Fwp%2Fv2%2Fcategories&post=11651"},{"taxonomy":"post_tag","embeddable":true,"href":"https:\/\/eksm.de\/blog\/reise\/index.php?rest_route=%2Fwp%2Fv2%2Ftags&post=11651"}],"curies":[{"name":"wp","href":"https:\/\/api.w.org\/{rel}","templated":true}]}}