{"id":11758,"date":"2019-07-11T22:32:38","date_gmt":"2019-07-11T20:32:38","guid":{"rendered":"http:\/\/eksm.de\/blog\/reise\/?p=11758"},"modified":"2019-07-11T23:16:34","modified_gmt":"2019-07-11T21:16:34","slug":"festivalstadt-avignon","status":"publish","type":"post","link":"https:\/\/eksm.de\/blog\/reise\/?p=11758","title":{"rendered":"Festivalstadt Avignon"},"content":{"rendered":"<p>Ich hatte mich auf eine ruhige Nacht gefreut, aber es kam anders. Junge Franzosen haben dorekt neben uns auf der Stra\u00dfe Mopedrennen geliefert und so viel Krach gemacht, dass man bis kurz nach 4 Uhr als Erwachsener kaum schlafen konnte. Erstaunlicherweise haben unsere Leute doch recht gut geschlafen und sind nur kurz wach geworden. Zum Gl\u00fcck haben unsere Leute es nur am Rande mitbekommen und waren ganz gut erholt. Sie haben fast bis 9 Uhr geschlafen.<\/p>\n<p>Heute Morgen haben uns die Zikaden mit gemessenen 70 dB begr\u00fc\u00dft. Wir haben ein paar Bilder von einer frishe geh\u00e4uteten Zikade dabei.<\/p>\n<p>Nach dem Fr\u00fchst\u00fcck sind wir dann in die Stadtgefahren. Der Busfahrer war \u00fcberfordert, uns Tickets zu verkaufen. Er hat mir 14 \u20ac abgenommen und einige Karten gegeben, weil er nicht genug hatte. Damit sind wir dann sogar wieder zur\u00fcckgefahren, weil der andere Busfahrer auch keine Zeit hatte sich mit uns zu besch\u00e4ftigen. Das k\u00f6nnte immer so sein \ud83d\ude0a.<\/p>\n<p>In Avignon ist unglaublich viel los. Die Theater und Opernensembles ziehen durch die Stadt, um f\u00fcr ihre Veranstaltungen am Abend zu werben. Alles ohne Verst\u00e4rkung, live gesungen. Das ist sehr beeindruckend. Wir haben zun\u00e4chst die ber\u00fchmte Br\u00fccke besucht und dann den Papstpalast (von au\u00dfen) angesehen. In den Geb\u00e4uden sind ganzt\u00e4gig Theaterveranstaltungen.&nbsp;<br \/>\nDie Hitze ist in der Stadt schon sehr bedr\u00fcckend. In den Caf\u00e9s gab es keine Klimaanlagen, aber gaanz feine Wasserspr\u00fcher, die einen alle zwei Minuten nass machten. Keine ganz schlechte Idee, man kann ganz gut atmend, aber merkw\u00fcrdig ist es schon, wenn man st\u00e4ndig im Nebel sitzt.<\/p>\n<p>Nach dem Stadtgang gab es nun das s\u00fcdfranz\u00f6sische Gericht \u201eFleisch im Wein\u201c. Die Bilder beweisen, dass wir den Wein wirklich ins Essen gegossen haben und er nicht zum Trinken gedacht war. Das Essn war schon sehr gehaltvoll und einige M\u00e4dchen bekamen Angst um ihre Figur. Aber das franz\u00f6sische Essen ist nicht immer ohne Kalorien \ud83d\ude0a. Es scheint geschmeckt zu haben, denn es ist am Ende bis auf einen winzigen Rest alle geworden.<\/p>\n<p>So, wir m\u00fcssen jetzt ein wenig f\u00fcr Ruhe sorgen und sie alle zusammenrufen, damit wir zur Nachtruhe finden. Viele Gr\u00fc\u00dfe bis morgen. Euer Dietmar<\/p>\nngg_shortcode_0_placeholder\n","protected":false},"excerpt":{"rendered":"<p>Ich hatte mich auf eine ruhige Nacht gefreut, aber es kam anders. Junge Franzosen haben dorekt neben uns auf der Stra\u00dfe Mopedrennen geliefert und so viel Krach gemacht, dass man bis kurz nach 4 Uhr als Erwachsener kaum schlafen konnte. Erstaunlicherweise haben unsere Leute doch recht gut geschlafen und sind nur kurz wach geworden. Zum &hellip; <a href=\"https:\/\/eksm.de\/blog\/reise\/?p=11758\" class=\"more-link\"><span class=\"screen-reader-text\">Festivalstadt Avignon<\/span> weiterlesen <span class=\"meta-nav\">&rarr;<\/span><\/a><\/p>\n","protected":false},"author":1,"featured_media":0,"comment_status":"open","ping_status":"closed","sticky":false,"template":"","format":"standard","meta":{"ngg_post_thumbnail":0,"footnotes":"","_links_to":"","_links_to_target":""},"categories":[1],"tags":[27,39],"class_list":["post-11758","post","type-post","status-publish","format-standard","hentry","category-allgemein","tag-frankreich","tag-jugendfreizeit"],"_links":{"self":[{"href":"https:\/\/eksm.de\/blog\/reise\/index.php?rest_route=\/wp\/v2\/posts\/11758","targetHints":{"allow":["GET"]}}],"collection":[{"href":"https:\/\/eksm.de\/blog\/reise\/index.php?rest_route=\/wp\/v2\/posts"}],"about":[{"href":"https:\/\/eksm.de\/blog\/reise\/index.php?rest_route=\/wp\/v2\/types\/post"}],"author":[{"embeddable":true,"href":"https:\/\/eksm.de\/blog\/reise\/index.php?rest_route=\/wp\/v2\/users\/1"}],"replies":[{"embeddable":true,"href":"https:\/\/eksm.de\/blog\/reise\/index.php?rest_route=%2Fwp%2Fv2%2Fcomments&post=11758"}],"version-history":[{"count":3,"href":"https:\/\/eksm.de\/blog\/reise\/index.php?rest_route=\/wp\/v2\/posts\/11758\/revisions"}],"predecessor-version":[{"id":11838,"href":"https:\/\/eksm.de\/blog\/reise\/index.php?rest_route=\/wp\/v2\/posts\/11758\/revisions\/11838"}],"wp:attachment":[{"href":"https:\/\/eksm.de\/blog\/reise\/index.php?rest_route=%2Fwp%2Fv2%2Fmedia&parent=11758"}],"wp:term":[{"taxonomy":"category","embeddable":true,"href":"https:\/\/eksm.de\/blog\/reise\/index.php?rest_route=%2Fwp%2Fv2%2Fcategories&post=11758"},{"taxonomy":"post_tag","embeddable":true,"href":"https:\/\/eksm.de\/blog\/reise\/index.php?rest_route=%2Fwp%2Fv2%2Ftags&post=11758"}],"curies":[{"name":"wp","href":"https:\/\/api.w.org\/{rel}","templated":true}]}}