{"id":12167,"date":"2019-07-14T23:37:44","date_gmt":"2019-07-14T21:37:44","guid":{"rendered":"http:\/\/eksm.de\/blog\/reise\/?p=12167"},"modified":"2019-07-14T23:39:42","modified_gmt":"2019-07-14T21:39:42","slug":"bergwelt-und-lavendelduft","status":"publish","type":"post","link":"https:\/\/eksm.de\/blog\/reise\/?p=12167","title":{"rendered":"Bergwelt und Lavendelduft"},"content":{"rendered":"<p>Unsere Jungs haben heute drau\u00dfen geschlafen. Die M\u00e4dchen zum Teil auch. Wir haben uns an die franz\u00f6sischen Gesetze gehalten. Das hei\u00dft die M\u00e4dchen haben hinter ihrem Zeot geschlafen und die Jungs bei uns. Ehrlich gesagt schlafen Frank und ich schon die ganzen Tage drau\u00dfen. Wenn es nachts nicht abk\u00fchlt, m\u00f6chte man nicht im Auto oder im Zelt schlafen. Zum Gl\u00fcck sind hier st\u00e4ndig Ger\u00e4usche von Z\u00fcgen, Autos und ein paar verr\u00fcckten Autofahrern, die nebenan das \u201eDriften\u201c \u00fcben, so dass die lauten Schnarcher gar nicht so auffallen. Die Zikaden k\u00f6nnten ja sonst noch in uns eine unliebsame Konkurrenz entdecken, die fast an die selbe Lautst\u00e4rke wie sie kommt.<br \/>\nSpa\u00df beiseite: Die sonne weckt dann recht schnell alle auf. Wenn sie erst den Schlafsack erw\u00e4rmt, ist an Schlaf nicht mehr zu denken.<\/p>\n<p>Nach dem Fr\u00fchst\u00fcck war unsere Bergtour dran. Zum Gl\u00fcck sind die Berge nicht weit entfernt und in einer Stunde gut erreichbar. Wir sind die Romantische Stra\u00dfe bis nach Sault gefahren. Nach der Stra\u00dfe nach Applecross in Schottland erscheint mir diese Stra\u00dfe die zweitsch\u00f6nste Tour in Europa zu sein. Die Bilder k\u00f6nnen es ganz gut ausdr\u00fccken. Zum Gl\u00fcck sind die Durchfahrten etwas gr\u00f6\u00dfer aus unser gro\u00dfer Bus. Es waren doch recht viele Radfahrer unterwegs und man merkt, dass die Franzosen trotz Dopings ein gro\u00dfes Faible f\u00fcr das Radfahren haben. \u00dcbrigens wird die Tour de France auch dorthin kommen, wenn ich es richtig gelesen habe.<\/p>\n<p>Lavendel macht aus unseren M\u00e4dchen offensichtlich Mannequins. Ich wei\u00df nicht, wie viele Bilder mit dem violetten Hintergrund gemacht wurden. Der Geruch war schon drau\u00dfen sehr stark, ganz zu schweigen von den L\u00e4den in und um Sault, in denen Lavendelhonig, -seife, -Eis, Tinkturen, -Kissen und wer wei\u00df was noch angeboten wird. Mich erinnert der Geruch immer an meine Gro\u00dftante in Frankfurt am Main, die ich bei meiner ersten Westreise besuchen konnte. Diesem Geruch der Seife konnte man nicht entrinnen \ud83d\ude0a): Aber der Geruch soll ja den Blutdruck senken und das ist schon mal sehr gut.<\/p>\n<p>Der Berg war dann mit seinen fast 2000m schnell erklommen, zumal es fast windstill war. Bei 19 Grad konnte man es gut aushalten. Ein paar Tornados haben uns begr\u00fc\u00dft, als sie knapp am Berg vorbeiged\u00fcst sind. Vielleicht kamen sie gerade aus Paris von der Milit\u00e4rparade mit Macron und Merkel und haben noch mal nach uns geschaut.<br \/>\nDas Problem ist f\u00fcr unsere Autos weniger die Fahrt nach oben als vielmehr die Abfahrt. Da die Autos beladen waren, sind wir langsam gefahren und haben den Motor bremsen lassen, um die Bremsen zu schonen. Die Franzosen haben hinter uns Lichtzeichen gegeben und wollten vorbei. (Sie waren selten voll besetzt.) Wir haben sie genervt und das am Nationalfeiertag\u2026 Sie werden es \u00fcberleben.<\/p>\n<p>Am Abend gab es dann unsere franz\u00f6sische K\u00e4sesauce auf Nudeln. Dass wir die Sau\u00dfe aus wunderbarem Briek\u00e4se gemacht hatten, verwunderte einige, aber sie ist kr\u00e4ftig gegessen worden. Freilich S\u00e4ttigt sie schon extrem, auch wenn der krasse Geschmack von Roquefort gar nicht drin war.<\/p>\n<p>Im Moment sind alle mit Joni und Anton auf den Berg gestiegen um das Feuerwerk in Avignon zu sehen. Ich vermute, dass es nicht stattgefunden hat, weil es zu trocken ist. Jedenfalls habe ich hier auf dem Zeltplatz noch nichts geh\u00f6rt und gesehen, was auf ein gewaltiges Feuerwerk schlie\u00dfen lie\u00dfe. Nur auf dem Fernseher im Kiosk wurde die Marseillaise lautstark gesungen. Ich glaube, ich muss mir dann jetzt einiges anh\u00f6ren, wenn sie wiederkommen. Ich hatte sie ja dazu motiviert loszugehen\u2026 Vor zwei Jahren war es gro\u00dfartig \ud83d\ude0a.<\/p>\nngg_shortcode_0_placeholder\n","protected":false},"excerpt":{"rendered":"<p>Unsere Jungs haben heute drau\u00dfen geschlafen. Die M\u00e4dchen zum Teil auch. Wir haben uns an die franz\u00f6sischen Gesetze gehalten. Das hei\u00dft die M\u00e4dchen haben hinter ihrem Zeot geschlafen und die Jungs bei uns. Ehrlich gesagt schlafen Frank und ich schon die ganzen Tage drau\u00dfen. Wenn es nachts nicht abk\u00fchlt, m\u00f6chte man nicht im Auto oder &hellip; <a href=\"https:\/\/eksm.de\/blog\/reise\/?p=12167\" class=\"more-link\"><span class=\"screen-reader-text\">Bergwelt und Lavendelduft<\/span> weiterlesen <span class=\"meta-nav\">&rarr;<\/span><\/a><\/p>\n","protected":false},"author":1,"featured_media":0,"comment_status":"open","ping_status":"closed","sticky":false,"template":"","format":"standard","meta":{"ngg_post_thumbnail":0,"footnotes":"","_links_to":"","_links_to_target":""},"categories":[1],"tags":[27,39],"class_list":["post-12167","post","type-post","status-publish","format-standard","hentry","category-allgemein","tag-frankreich","tag-jugendfreizeit"],"_links":{"self":[{"href":"https:\/\/eksm.de\/blog\/reise\/index.php?rest_route=\/wp\/v2\/posts\/12167","targetHints":{"allow":["GET"]}}],"collection":[{"href":"https:\/\/eksm.de\/blog\/reise\/index.php?rest_route=\/wp\/v2\/posts"}],"about":[{"href":"https:\/\/eksm.de\/blog\/reise\/index.php?rest_route=\/wp\/v2\/types\/post"}],"author":[{"embeddable":true,"href":"https:\/\/eksm.de\/blog\/reise\/index.php?rest_route=\/wp\/v2\/users\/1"}],"replies":[{"embeddable":true,"href":"https:\/\/eksm.de\/blog\/reise\/index.php?rest_route=%2Fwp%2Fv2%2Fcomments&post=12167"}],"version-history":[{"count":2,"href":"https:\/\/eksm.de\/blog\/reise\/index.php?rest_route=\/wp\/v2\/posts\/12167\/revisions"}],"predecessor-version":[{"id":12171,"href":"https:\/\/eksm.de\/blog\/reise\/index.php?rest_route=\/wp\/v2\/posts\/12167\/revisions\/12171"}],"wp:attachment":[{"href":"https:\/\/eksm.de\/blog\/reise\/index.php?rest_route=%2Fwp%2Fv2%2Fmedia&parent=12167"}],"wp:term":[{"taxonomy":"category","embeddable":true,"href":"https:\/\/eksm.de\/blog\/reise\/index.php?rest_route=%2Fwp%2Fv2%2Fcategories&post=12167"},{"taxonomy":"post_tag","embeddable":true,"href":"https:\/\/eksm.de\/blog\/reise\/index.php?rest_route=%2Fwp%2Fv2%2Ftags&post=12167"}],"curies":[{"name":"wp","href":"https:\/\/api.w.org\/{rel}","templated":true}]}}