{"id":12207,"date":"2019-07-15T00:56:53","date_gmt":"2019-07-14T22:56:53","guid":{"rendered":"http:\/\/eksm.de\/blog\/reise\/?p=12207"},"modified":"2019-07-15T01:02:34","modified_gmt":"2019-07-14T23:02:34","slug":"nationalfeiertag-der-abend","status":"publish","type":"post","link":"https:\/\/eksm.de\/blog\/reise\/?p=12207","title":{"rendered":"Nationalfeiertag &#8211; der Abend"},"content":{"rendered":"<p>Es ist so, wie so oft. Die Alten machen sich Sorgen um die Kids, dass sie vielleicht entt\u00e4uscht sind. W\u00e4hrenddessen vergn\u00fcgen sich die und es geht ihnen Bestens. Wie oft habe ich es bei Besuchen erlebt und nun bin ich der Alte gewesen, der sich unn\u00f6tig Sorgen gemacht hat.&nbsp;<\/p>\n<p>Mit Joni und Anton sind sie im Dunkeln auf die Burg gestiegen. Zur guten Laune trug schon einmal bei, das ein M\u00e4dchen vor einen Mast gelaufen war. Oben auf der Burg hatte man einen sehr sch\u00f6nen Blick auf Avignon. Nur das Feuerwerk fehlte. Wie wir jetzt wissen, musste es wegen Trockenheit und starkem Wind abgesagt werden.<\/p>\n<p>Von oben war nicht zu \u00fcbersehen, dass im Ort unter der Burg (Villeneuf) eine Band spielte und kr\u00e4ftig getanzt wurde. Nachdem eine angeheiterte Frau dort alle einzeln begr\u00fc\u00dft hatte mit &#8222;Isch liebe Disch&#8220;, ist das Eis schnell gebrochen. Die meisten von uns haben mitgetanzt. Die Titel waren zun\u00e4chst franz\u00f6sisch, dann gab es aber auch bekannte englische Rockmusik zu h\u00f6ren.<br \/>\n\u00dcbrigen feierte eine kr\u00e4ftige Mischung aus Leuten aus Frankreich,&nbsp; aus Asien und nicht wenige dunkel pigmentierte Mitbewohner (ist das richtig geschrieben?) waren dabei.<br \/>\nWie man auf den Bildern unschwer erkennen kann, wurde auch unserem Geburtstagskind ordentlich gratuliert.<br \/>\nJetzt bereue ich nat\u00fcrlich, dass ich hier geblieben bin. Aber so wisst wenigsten Ihr schnell Bescheid.<\/p>\n<p>So, jetzt allen eine Gute Nacht. Bis morgen!<br \/>\nEuer Dietmar<\/p>\nngg_shortcode_0_placeholder\n","protected":false},"excerpt":{"rendered":"<p>Es ist so, wie so oft. Die Alten machen sich Sorgen um die Kids, dass sie vielleicht entt\u00e4uscht sind. W\u00e4hrenddessen vergn\u00fcgen sich die und es geht ihnen Bestens. Wie oft habe ich es bei Besuchen erlebt und nun bin ich der Alte gewesen, der sich unn\u00f6tig Sorgen gemacht hat.&nbsp; Mit Joni und Anton sind sie &hellip; <a href=\"https:\/\/eksm.de\/blog\/reise\/?p=12207\" class=\"more-link\"><span class=\"screen-reader-text\">Nationalfeiertag &#8211; der Abend<\/span> weiterlesen <span class=\"meta-nav\">&rarr;<\/span><\/a><\/p>\n","protected":false},"author":1,"featured_media":12208,"comment_status":"open","ping_status":"closed","sticky":false,"template":"","format":"standard","meta":{"ngg_post_thumbnail":0,"footnotes":"","_links_to":"","_links_to_target":""},"categories":[1],"tags":[27,39],"class_list":["post-12207","post","type-post","status-publish","format-standard","has-post-thumbnail","hentry","category-allgemein","tag-frankreich","tag-jugendfreizeit"],"_links":{"self":[{"href":"https:\/\/eksm.de\/blog\/reise\/index.php?rest_route=\/wp\/v2\/posts\/12207","targetHints":{"allow":["GET"]}}],"collection":[{"href":"https:\/\/eksm.de\/blog\/reise\/index.php?rest_route=\/wp\/v2\/posts"}],"about":[{"href":"https:\/\/eksm.de\/blog\/reise\/index.php?rest_route=\/wp\/v2\/types\/post"}],"author":[{"embeddable":true,"href":"https:\/\/eksm.de\/blog\/reise\/index.php?rest_route=\/wp\/v2\/users\/1"}],"replies":[{"embeddable":true,"href":"https:\/\/eksm.de\/blog\/reise\/index.php?rest_route=%2Fwp%2Fv2%2Fcomments&post=12207"}],"version-history":[{"count":3,"href":"https:\/\/eksm.de\/blog\/reise\/index.php?rest_route=\/wp\/v2\/posts\/12207\/revisions"}],"predecessor-version":[{"id":12211,"href":"https:\/\/eksm.de\/blog\/reise\/index.php?rest_route=\/wp\/v2\/posts\/12207\/revisions\/12211"}],"wp:featuredmedia":[{"embeddable":true,"href":"https:\/\/eksm.de\/blog\/reise\/index.php?rest_route=\/wp\/v2\/media\/12208"}],"wp:attachment":[{"href":"https:\/\/eksm.de\/blog\/reise\/index.php?rest_route=%2Fwp%2Fv2%2Fmedia&parent=12207"}],"wp:term":[{"taxonomy":"category","embeddable":true,"href":"https:\/\/eksm.de\/blog\/reise\/index.php?rest_route=%2Fwp%2Fv2%2Fcategories&post=12207"},{"taxonomy":"post_tag","embeddable":true,"href":"https:\/\/eksm.de\/blog\/reise\/index.php?rest_route=%2Fwp%2Fv2%2Ftags&post=12207"}],"curies":[{"name":"wp","href":"https:\/\/api.w.org\/{rel}","templated":true}]}}