{"id":12213,"date":"2019-07-15T23:48:55","date_gmt":"2019-07-15T21:48:55","guid":{"rendered":"http:\/\/eksm.de\/blog\/reise\/?p=12213"},"modified":"2019-07-15T23:59:11","modified_gmt":"2019-07-15T21:59:11","slug":"chillen-und-chili","status":"publish","type":"post","link":"https:\/\/eksm.de\/blog\/reise\/?p=12213","title":{"rendered":"Chillen und Chili"},"content":{"rendered":"<p>Heute gibt es nur einen kurzen Text und sehr wenige Bilder. Das h\u00e4ngt damit zusammen, dass wir wegen des starken Sturmes den Ruhetag eingeschoben haben. Morgen soll der Wind wieder nachlassen. Wir waren nach dem Fr\u00fchst\u00fcck einkaufen in einem riesigen Einkaufzentrum in der N\u00e4he von Avignon. Die meisten haben dort etwas gegessen. Was eingekauft wurde entzieht sich unserer Kenntnis, denn wir behandeln nat\u00fcrlich alles mit h\u00f6chster Diskretion. Danach wurde geruht, gebadet, geredet oder etwas gewaschen.&nbsp;&nbsp;Das Highlight des Nachmittags war merkw\u00fcrdigerweise, dass mein Stuhl, den ich als Urlaubschn\u00e4ppchen gekauft hatte, krachend zusammenbrach.&nbsp;<\/p>\n<p>Am Abend gab es Chili con carne mit Couscous. Es kam extrem gut an, nachdem eine Busbesatzung Unmengen an Knoblauch, Zwiebeln und Tomaten schnitten und verkocht hatte.&nbsp;<\/p>\n<p>Jetzt ist eine sehr ruhig und ich beende meinen kurzen Bericht, da auch ich mich auf das Bett freue.&nbsp;<br \/>\nBis morgen! Euer Dietmar Hauser&nbsp;<\/p>\nngg_shortcode_0_placeholder\n","protected":false},"excerpt":{"rendered":"<p>Heute gibt es nur einen kurzen Text und sehr wenige Bilder. Das h\u00e4ngt damit zusammen, dass wir wegen des starken Sturmes den Ruhetag eingeschoben haben. Morgen soll der Wind wieder nachlassen. Wir waren nach dem Fr\u00fchst\u00fcck einkaufen in einem riesigen Einkaufzentrum in der N\u00e4he von Avignon. Die meisten haben dort etwas gegessen. Was eingekauft wurde &hellip; <a href=\"https:\/\/eksm.de\/blog\/reise\/?p=12213\" class=\"more-link\"><span class=\"screen-reader-text\">Chillen und Chili<\/span> weiterlesen <span class=\"meta-nav\">&rarr;<\/span><\/a><\/p>\n","protected":false},"author":1,"featured_media":12237,"comment_status":"open","ping_status":"closed","sticky":false,"template":"","format":"standard","meta":{"ngg_post_thumbnail":0,"footnotes":"","_links_to":"","_links_to_target":""},"categories":[1],"tags":[27,39],"class_list":["post-12213","post","type-post","status-publish","format-standard","has-post-thumbnail","hentry","category-allgemein","tag-frankreich","tag-jugendfreizeit"],"_links":{"self":[{"href":"https:\/\/eksm.de\/blog\/reise\/index.php?rest_route=\/wp\/v2\/posts\/12213","targetHints":{"allow":["GET"]}}],"collection":[{"href":"https:\/\/eksm.de\/blog\/reise\/index.php?rest_route=\/wp\/v2\/posts"}],"about":[{"href":"https:\/\/eksm.de\/blog\/reise\/index.php?rest_route=\/wp\/v2\/types\/post"}],"author":[{"embeddable":true,"href":"https:\/\/eksm.de\/blog\/reise\/index.php?rest_route=\/wp\/v2\/users\/1"}],"replies":[{"embeddable":true,"href":"https:\/\/eksm.de\/blog\/reise\/index.php?rest_route=%2Fwp%2Fv2%2Fcomments&post=12213"}],"version-history":[{"count":5,"href":"https:\/\/eksm.de\/blog\/reise\/index.php?rest_route=\/wp\/v2\/posts\/12213\/revisions"}],"predecessor-version":[{"id":12240,"href":"https:\/\/eksm.de\/blog\/reise\/index.php?rest_route=\/wp\/v2\/posts\/12213\/revisions\/12240"}],"wp:featuredmedia":[{"embeddable":true,"href":"https:\/\/eksm.de\/blog\/reise\/index.php?rest_route=\/wp\/v2\/media\/12237"}],"wp:attachment":[{"href":"https:\/\/eksm.de\/blog\/reise\/index.php?rest_route=%2Fwp%2Fv2%2Fmedia&parent=12213"}],"wp:term":[{"taxonomy":"category","embeddable":true,"href":"https:\/\/eksm.de\/blog\/reise\/index.php?rest_route=%2Fwp%2Fv2%2Fcategories&post=12213"},{"taxonomy":"post_tag","embeddable":true,"href":"https:\/\/eksm.de\/blog\/reise\/index.php?rest_route=%2Fwp%2Fv2%2Ftags&post=12213"}],"curies":[{"name":"wp","href":"https:\/\/api.w.org\/{rel}","templated":true}]}}