{"id":12366,"date":"2019-07-17T23:49:05","date_gmt":"2019-07-17T21:49:05","guid":{"rendered":"http:\/\/eksm.de\/blog\/reise\/?p=12366"},"modified":"2019-07-18T00:24:34","modified_gmt":"2019-07-17T22:24:34","slug":"taize-zum-kennenlernen","status":"publish","type":"post","link":"https:\/\/eksm.de\/blog\/reise\/?p=12366","title":{"rendered":"Taiz\u00e9 zum Kennenlernen&#8230;"},"content":{"rendered":"<p>Die Fahrt war problemlos. Allerdings ist es hier nicht viel k\u00fchler als in Avignon und die Sonne bretzelt auf uns herunter.&nbsp; Zum ersten Mal sind wir nicht in Zelten untergebracht, sondern in Zimmern. Sie sind sehr schlicht, aber erstaunlich k\u00fchl.&nbsp;<\/p>\n<p>Einige unserer Leute sind gleich auf andere zugegangen und hatten gar keine Probleme, sich daran zu gew\u00f6hnen, dass wir auf einmal unter 3000 jungen Leute sind. In jeder Ecke wird eine andere Sprache gesprochen und beim Anstehen beim Essen wurde es schon eng. Einige mussten sich daran gew\u00f6hnen, dass dann auch noch laut gesungen wurde und der eine oder andere Spa\u00df gemacht wurde.<\/p>\n<p>Es ist schon gute Stimmung. Ich hatte einen traumhaften Platz in der Kirche auf einer Bank. Dummerweise wurde diese Bank dann nach hinten in eine Ecke gestellt, weil noch ein Raum ge\u00f6ffnet wurde. Deswegen habe ich kein Bild von der vollen Kirche.&nbsp; Das kommt dann morgen.&nbsp;<\/p>\n<p>Nach der Abendandacht wurde noch sehr viel gesungen und alle neueren Hits, bei denen man \u00fcber die erste Strophe kam, wurde mit lautem Klatschen begleitet. Das Temperament der Spanier und Italiener m\u00f6chte man unseren Leuten mal w\u00fcnschen. Da wird wirklich gesungen.<\/p>\n<p>Da hier morgen der Tag schon um 7 Uhr beginnt, m\u00f6chte ich jetzt erst einmal Schluss machen. Morgen habe ich etwas mehr Zeit zum Schreiben.&nbsp;<br \/>\nViele Gr\u00fc\u00dfe Euer Dietmar<\/p>\nngg_shortcode_0_placeholder\n","protected":false},"excerpt":{"rendered":"<p>Die Fahrt war problemlos. Allerdings ist es hier nicht viel k\u00fchler als in Avignon und die Sonne bretzelt auf uns herunter.&nbsp; Zum ersten Mal sind wir nicht in Zelten untergebracht, sondern in Zimmern. Sie sind sehr schlicht, aber erstaunlich k\u00fchl.&nbsp; Einige unserer Leute sind gleich auf andere zugegangen und hatten gar keine Probleme, sich daran &hellip; <a href=\"https:\/\/eksm.de\/blog\/reise\/?p=12366\" class=\"more-link\"><span class=\"screen-reader-text\">Taiz\u00e9 zum Kennenlernen&#8230;<\/span> weiterlesen <span class=\"meta-nav\">&rarr;<\/span><\/a><\/p>\n","protected":false},"author":1,"featured_media":0,"comment_status":"open","ping_status":"closed","sticky":false,"template":"","format":"standard","meta":{"ngg_post_thumbnail":0,"footnotes":"","_links_to":"","_links_to_target":""},"categories":[1],"tags":[27,39],"class_list":["post-12366","post","type-post","status-publish","format-standard","hentry","category-allgemein","tag-frankreich","tag-jugendfreizeit"],"_links":{"self":[{"href":"https:\/\/eksm.de\/blog\/reise\/index.php?rest_route=\/wp\/v2\/posts\/12366","targetHints":{"allow":["GET"]}}],"collection":[{"href":"https:\/\/eksm.de\/blog\/reise\/index.php?rest_route=\/wp\/v2\/posts"}],"about":[{"href":"https:\/\/eksm.de\/blog\/reise\/index.php?rest_route=\/wp\/v2\/types\/post"}],"author":[{"embeddable":true,"href":"https:\/\/eksm.de\/blog\/reise\/index.php?rest_route=\/wp\/v2\/users\/1"}],"replies":[{"embeddable":true,"href":"https:\/\/eksm.de\/blog\/reise\/index.php?rest_route=%2Fwp%2Fv2%2Fcomments&post=12366"}],"version-history":[{"count":4,"href":"https:\/\/eksm.de\/blog\/reise\/index.php?rest_route=\/wp\/v2\/posts\/12366\/revisions"}],"predecessor-version":[{"id":12371,"href":"https:\/\/eksm.de\/blog\/reise\/index.php?rest_route=\/wp\/v2\/posts\/12366\/revisions\/12371"}],"wp:attachment":[{"href":"https:\/\/eksm.de\/blog\/reise\/index.php?rest_route=%2Fwp%2Fv2%2Fmedia&parent=12366"}],"wp:term":[{"taxonomy":"category","embeddable":true,"href":"https:\/\/eksm.de\/blog\/reise\/index.php?rest_route=%2Fwp%2Fv2%2Fcategories&post=12366"},{"taxonomy":"post_tag","embeddable":true,"href":"https:\/\/eksm.de\/blog\/reise\/index.php?rest_route=%2Fwp%2Fv2%2Ftags&post=12366"}],"curies":[{"name":"wp","href":"https:\/\/api.w.org\/{rel}","templated":true}]}}