{"id":12470,"date":"2019-07-20T00:03:18","date_gmt":"2019-07-19T22:03:18","guid":{"rendered":"http:\/\/eksm.de\/blog\/reise\/?p=12470"},"modified":"2019-07-20T00:26:20","modified_gmt":"2019-07-19T22:26:20","slug":"letzter-tag-in-taize","status":"publish","type":"post","link":"https:\/\/eksm.de\/blog\/reise\/?p=12470","title":{"rendered":"vorletzter Tag in Taiz\u00e9"},"content":{"rendered":"<p>Heute kann ich wirklich nicht so viel berichten: All waren in die verschiedensten Gruppen aufgeteilt und haben einen Bibeltext und verschiedene Themen besprochen. Max aus KSM hat sogar eine Gruppe \u00e4lterer Jugendliche geleitet.<\/p>\n<p>In der Kirche merkt man, dass es dem Wochenende zugeht, denn es wird viel kr\u00e4ftiger gesungen. Soweit ich sehe, gef\u00e4llt die einfach Art der Andacht allen recht gut, es ist viel Musik und eben jeweils Stille. (Drei Mal am Tag eine knappe Stunde ohne Handy und sonstige Ablenkung. Das ist schon eine erstaunliche Leistung. Sonst k\u00f6nnen sie sich das kaum vorstellen. Es geht eben, weil sich alle daran halten. Zudem sind nur in der Kirche Steckdosen. Dort kann man die Zeit nutzen, dass sie dann wieder geladen sind.<\/p>\n<p>Heute Abend hatte Karl seinen gro\u00dfen Auftritt. Die Spanier waren noch nicht da und so konnte er gut mit den Leuten singen. Also unsere Talente sind doch gar nicht so schlecht. Das Problem ist nur, dass man Lieder singen muss, die alle kennen. Heute gab es sogar Wunschkonzert f\u00fcr unsere M\u00e4dchen.<\/p>\n<p>Morgen werden wir zu Mittag das hiesige Essen ausfallen lassen und Essen gehen. Leider hat die Gastwirtschaft in Cluny nicht gen\u00fcgend Platz f\u00fcr uns. So werden wir uns das Essen einpacken lassen und drau\u00dfen essen.<\/p>\n<p>Die Temperaturen sind schon extrem. Mittlerweile k\u00fchlt es abends nicht mehr richtig ab. So haben wir uns nun entschlossen schon morgen Abend loszufahren. In der Nacht d\u00fcrfte es besser sein mit der Fahrt, als im Stau zu stehen.<br \/>\nWenn alles gut geht sind wir dann am Vormittag in Seligenthal am Gemeindehaus. Die Zeit schreibe ich rechtzeitig hier in den Blog.<br \/>\nEs ist so, wie ich am Sonntag vor zwei Wochen gesagt habe. Es ist jetzt die Zeit, wo man sich wieder auf das eigene Bett freut, auch auf die Rouladen von der Oma oder die Schnitzel von der Mutter.<br \/>\nWie ich sehe, m\u00f6chten eigentlich alle wieder in die Familie aufgenommen werden und wir w\u00fcrden sie auch bei Euch abgeben. Auch wenn sie wirklich eine ganz tolle und nette Gruppe waren \ud83d\ude42 . Morgen abend komme ich nicht zum Schreiben, denn da fahren wir ja schon los. Die Nachrichten, wo wir uns befinden sende ich dann vom Handy.<\/p>\n<p>Bis demn\u00e4chst<br \/>\nEuer Dietmar<\/p>\nngg_shortcode_0_placeholder\n","protected":false},"excerpt":{"rendered":"<p>Heute kann ich wirklich nicht so viel berichten: All waren in die verschiedensten Gruppen aufgeteilt und haben einen Bibeltext und verschiedene Themen besprochen. Max aus KSM hat sogar eine Gruppe \u00e4lterer Jugendliche geleitet. In der Kirche merkt man, dass es dem Wochenende zugeht, denn es wird viel kr\u00e4ftiger gesungen. Soweit ich sehe, gef\u00e4llt die einfach &hellip; <a href=\"https:\/\/eksm.de\/blog\/reise\/?p=12470\" class=\"more-link\"><span class=\"screen-reader-text\">vorletzter Tag in Taiz\u00e9<\/span> weiterlesen <span class=\"meta-nav\">&rarr;<\/span><\/a><\/p>\n","protected":false},"author":1,"featured_media":12471,"comment_status":"open","ping_status":"closed","sticky":false,"template":"","format":"standard","meta":{"ngg_post_thumbnail":0,"footnotes":"","_links_to":"","_links_to_target":""},"categories":[1],"tags":[27,39],"class_list":["post-12470","post","type-post","status-publish","format-standard","has-post-thumbnail","hentry","category-allgemein","tag-frankreich","tag-jugendfreizeit"],"_links":{"self":[{"href":"https:\/\/eksm.de\/blog\/reise\/index.php?rest_route=\/wp\/v2\/posts\/12470","targetHints":{"allow":["GET"]}}],"collection":[{"href":"https:\/\/eksm.de\/blog\/reise\/index.php?rest_route=\/wp\/v2\/posts"}],"about":[{"href":"https:\/\/eksm.de\/blog\/reise\/index.php?rest_route=\/wp\/v2\/types\/post"}],"author":[{"embeddable":true,"href":"https:\/\/eksm.de\/blog\/reise\/index.php?rest_route=\/wp\/v2\/users\/1"}],"replies":[{"embeddable":true,"href":"https:\/\/eksm.de\/blog\/reise\/index.php?rest_route=%2Fwp%2Fv2%2Fcomments&post=12470"}],"version-history":[{"count":4,"href":"https:\/\/eksm.de\/blog\/reise\/index.php?rest_route=\/wp\/v2\/posts\/12470\/revisions"}],"predecessor-version":[{"id":12475,"href":"https:\/\/eksm.de\/blog\/reise\/index.php?rest_route=\/wp\/v2\/posts\/12470\/revisions\/12475"}],"wp:featuredmedia":[{"embeddable":true,"href":"https:\/\/eksm.de\/blog\/reise\/index.php?rest_route=\/wp\/v2\/media\/12471"}],"wp:attachment":[{"href":"https:\/\/eksm.de\/blog\/reise\/index.php?rest_route=%2Fwp%2Fv2%2Fmedia&parent=12470"}],"wp:term":[{"taxonomy":"category","embeddable":true,"href":"https:\/\/eksm.de\/blog\/reise\/index.php?rest_route=%2Fwp%2Fv2%2Fcategories&post=12470"},{"taxonomy":"post_tag","embeddable":true,"href":"https:\/\/eksm.de\/blog\/reise\/index.php?rest_route=%2Fwp%2Fv2%2Ftags&post=12470"}],"curies":[{"name":"wp","href":"https:\/\/api.w.org\/{rel}","templated":true}]}}