{"id":12554,"date":"2020-08-24T23:21:04","date_gmt":"2020-08-24T21:21:04","guid":{"rendered":"http:\/\/eksm.de\/blog\/reise\/?p=12554"},"modified":"2020-08-25T08:42:27","modified_gmt":"2020-08-25T06:42:27","slug":"der-start","status":"publish","type":"post","link":"https:\/\/eksm.de\/blog\/reise\/?p=12554","title":{"rendered":"Der Start"},"content":{"rendered":"\n<figure class=\"wp-block-image size-large\"><img loading=\"lazy\" decoding=\"async\" width=\"1024\" height=\"430\" src=\"https:\/\/eksm.de\/blog\/reise\/wp-content\/uploads\/2020\/08\/Saale-Kala-2-1024x430.jpg\" alt=\"\" class=\"wp-image-12555\" srcset=\"https:\/\/eksm.de\/blog\/reise\/wp-content\/uploads\/2020\/08\/Saale-Kala-2-1024x430.jpg 1024w, https:\/\/eksm.de\/blog\/reise\/wp-content\/uploads\/2020\/08\/Saale-Kala-2-300x126.jpg 300w, https:\/\/eksm.de\/blog\/reise\/wp-content\/uploads\/2020\/08\/Saale-Kala-2-768x322.jpg 768w, https:\/\/eksm.de\/blog\/reise\/wp-content\/uploads\/2020\/08\/Saale-Kala-2-1536x644.jpg 1536w, https:\/\/eksm.de\/blog\/reise\/wp-content\/uploads\/2020\/08\/Saale-Kala-2-2048x859.jpg 2048w\" sizes=\"auto, (max-width: 1024px) 100vw, 1024px\" \/><\/figure>\n\n\n\n<p>Etwas verz\u00f6gert ging es heute los. Am Gemeindehaus hatten sich alle versammelt, wie man auf dem Gruppenbild sehen kann, wohlgemut. Die Fahrt nach Kala ging ohne Probleme, niemandem wurde schlecht\u2026 In Kala erwartete uns Joni, der den Einstieg organisierte. (Wie er heute Abend erst verriet, hat er heute auch Geburtstag) Da die Autos zum Pausenort Rothenstein umgesetzt werden mussten, kann ich nicht aus eigener Erfahrung berichten, aber kurz nach Beginn der Tour hat ein Dreierboot sich zu weit auf eine Seite gelehnt \ud83d\ude0aEs soll sehr nass gewesen sein. Aber Daniela hat versprochen morgen einen kurzen Bericht zu liefern, wie so die Fahrt war. In Rothenstein, sehr idyllisch gelegen, haben wir uns mit W\u00fcrstchen gest\u00e4rkt. F\u00fcr Frank und mich ging es weiter mit den Autos. Die Ankunft in Jena war auch f\u00fcr die Bootsfahrer unspektakul\u00e4r, aber sie machten alle einen zufriedenen Eindruck. Dann wurden die Zelte aufgebaut und da Abendessen gekocht (Gulasch aus der Dose, nicht gerade Bocuse, aber es gab auch eine leckere vegetarisch Tomatenso\u00dfe, die Frank zauberte).<br>Dass es heute Abend relativ schnellstill auf dem Platz wurde, zeigt, dass sich die Jungs und M\u00e4dels wohl doch anstrengen mussten.<br>F\u00fcr mich wird es jetzt auch Zeit.<\/p>\n\n\n\n<p>Bis Morgen Euer Anton Becker<\/p>\n\n\n\nngg_shortcode_0_placeholder\n","protected":false},"excerpt":{"rendered":"<p>Etwas verz\u00f6gert ging es heute los. Am Gemeindehaus hatten sich alle versammelt, wie man auf dem Gruppenbild sehen kann, wohlgemut. Die Fahrt nach Kala ging ohne Probleme, niemandem wurde schlecht\u2026 In Kala erwartete uns Joni, der den Einstieg organisierte. (Wie er heute Abend erst verriet, hat er heute auch Geburtstag) Da die Autos zum Pausenort &hellip; <a href=\"https:\/\/eksm.de\/blog\/reise\/?p=12554\" class=\"more-link\"><span class=\"screen-reader-text\">Der Start<\/span> weiterlesen <span class=\"meta-nav\">&rarr;<\/span><\/a><\/p>\n","protected":false},"author":941,"featured_media":0,"comment_status":"open","ping_status":"closed","sticky":false,"template":"","format":"standard","meta":{"ngg_post_thumbnail":0,"footnotes":"","_links_to":"","_links_to_target":""},"categories":[1],"tags":[],"class_list":["post-12554","post","type-post","status-publish","format-standard","hentry","category-allgemein"],"_links":{"self":[{"href":"https:\/\/eksm.de\/blog\/reise\/index.php?rest_route=\/wp\/v2\/posts\/12554","targetHints":{"allow":["GET"]}}],"collection":[{"href":"https:\/\/eksm.de\/blog\/reise\/index.php?rest_route=\/wp\/v2\/posts"}],"about":[{"href":"https:\/\/eksm.de\/blog\/reise\/index.php?rest_route=\/wp\/v2\/types\/post"}],"author":[{"embeddable":true,"href":"https:\/\/eksm.de\/blog\/reise\/index.php?rest_route=\/wp\/v2\/users\/941"}],"replies":[{"embeddable":true,"href":"https:\/\/eksm.de\/blog\/reise\/index.php?rest_route=%2Fwp%2Fv2%2Fcomments&post=12554"}],"version-history":[{"count":3,"href":"https:\/\/eksm.de\/blog\/reise\/index.php?rest_route=\/wp\/v2\/posts\/12554\/revisions"}],"predecessor-version":[{"id":12628,"href":"https:\/\/eksm.de\/blog\/reise\/index.php?rest_route=\/wp\/v2\/posts\/12554\/revisions\/12628"}],"wp:attachment":[{"href":"https:\/\/eksm.de\/blog\/reise\/index.php?rest_route=%2Fwp%2Fv2%2Fmedia&parent=12554"}],"wp:term":[{"taxonomy":"category","embeddable":true,"href":"https:\/\/eksm.de\/blog\/reise\/index.php?rest_route=%2Fwp%2Fv2%2Fcategories&post=12554"},{"taxonomy":"post_tag","embeddable":true,"href":"https:\/\/eksm.de\/blog\/reise\/index.php?rest_route=%2Fwp%2Fv2%2Ftags&post=12554"}],"curies":[{"name":"wp","href":"https:\/\/api.w.org\/{rel}","templated":true}]}}