{"id":12687,"date":"2020-08-25T23:36:39","date_gmt":"2020-08-25T21:36:39","guid":{"rendered":"http:\/\/eksm.de\/blog\/reise\/?p=12687"},"modified":"2020-08-25T23:36:39","modified_gmt":"2020-08-25T21:36:39","slug":"nachtrag-zum-24-august-2020","status":"publish","type":"post","link":"https:\/\/eksm.de\/blog\/reise\/?p=12687","title":{"rendered":"Nachtrag zum 24. August 2020"},"content":{"rendered":"\n<p><strong>Montag, 24.August 2020- Orlam\u00fcnde nach Jena (~5,5h)<\/strong><strong><\/strong><\/p>\n\n\n\n<p>Nach fachm\u00e4nnischer Einweisung von Joni, einem unserer Freizeit-Teamer, paddelte unsere Gruppe in Zweier- und Dreierkanus munter und abenteuerlustig los. Einige hatten bereits Vorerfahrungen hierin, andere erprobten ihre neu gesammelten Kenntnisse direkt im Praktischen aus. Bereits nach wenigen Minuten kenterte bereits ein Gr\u00fcppchen ganz pl\u00f6tzlich. Die frische Abk\u00fchlung des Flusses sollte die Freude und den Spa\u00df an der Tour jedoch nicht mindern. Stattdessen wurde herzhaft gelacht und sich gegenseitig beim Umwuchten der Kanus tatkr\u00e4ftig beigestanden. Ein ganz sch\u00f6ner Kraftakt, insbesondere dann, wenn einige Wassermengen den Innenbereich des Kanus erfasst haben! Kurze Verschnaufspause f\u00fcr die -mehr oder minder freiwilligen- Wasserratten und schon\u2026.ging\u2019s weiter inmitten die wilde Sch\u00f6nheit der Natur. Mangrovenartig und zauberhaft w\u00f6lbten sich B\u00e4ume eng an eng am Flussrand. Man gewann den Eindruck sich in einer anderen Welt zu befinden.<br>Am ersten Umstiegsplatz in Rothenstein kr\u00e4ftigten wir uns dann mit ein paar W\u00fcrstchen, Br\u00f6tchen und jaaa\u2026schwedischen Haferpl\u00e4tzchen- eine kleine Hommage an die diesj\u00e4hrig leider Pandemiebedingte, ausgefallene Jugendfreizeit. K\u00f6stlich!<br>Da wir noch einige Flusskilometer vor uns hatten, verstauten wir alles wieder in den Kleinbussen, die auf paralleler Landroute zu unserem eigentlichen Ziel, dem Campingplatz nach Jena, fuhren. Wir selber machten uns bereit und paddelten eifrig, wie eh und je an einigen der Naturschutzgebiete vorbei. Der Blickwinkel vom Wasserweg aus erm\u00f6glichte uns auch eine kleine Ansammlung von Eisv\u00f6geln ungest\u00f6rt an ihren Brutpl\u00e4tzen, zu betrachten. Eine absolute Seltenheit auf jene Vogelart zu treffen!<br>Unser Kanuweg f\u00fchrte uns weiter vorbei an idyllisch gelegenen Wasserpfaden, die nach mehreren Wehr\u00fcbersetzungen volle Fahrt nehmen konnten. Am Ende des Tages kamen wir an unserer ersten \u00dcbernachtungsm\u00f6glichkeit nun endlich an: dem Campingplatz von Jena.<br>Hungrig von der Fahrt war die Arbeitsaufteilung schnell klar: Gemeinsam Zelte aufbauen und Sitzecken f\u00fcr das Abendessen anrichten. Den Rest des Abends lie\u00dfen wir harmonisch ausklingen, w\u00e4hrend die Teamer \u00fcber den morgigen Tag beraten sollten.<\/p>\n\n\n\n<p>Daniela Wagner<\/p>\n","protected":false},"excerpt":{"rendered":"<p>Montag, 24.August 2020- Orlam\u00fcnde nach Jena (~5,5h) Nach fachm\u00e4nnischer Einweisung von Joni, einem unserer Freizeit-Teamer, paddelte unsere Gruppe in Zweier- und Dreierkanus munter und abenteuerlustig los. Einige hatten bereits Vorerfahrungen hierin, andere erprobten ihre neu gesammelten Kenntnisse direkt im Praktischen aus. Bereits nach wenigen Minuten kenterte bereits ein Gr\u00fcppchen ganz pl\u00f6tzlich. Die frische Abk\u00fchlung des &hellip; <a href=\"https:\/\/eksm.de\/blog\/reise\/?p=12687\" class=\"more-link\"><span class=\"screen-reader-text\">Nachtrag zum 24. August 2020<\/span> weiterlesen <span class=\"meta-nav\">&rarr;<\/span><\/a><\/p>\n","protected":false},"author":941,"featured_media":0,"comment_status":"open","ping_status":"closed","sticky":false,"template":"","format":"standard","meta":{"ngg_post_thumbnail":0,"footnotes":"","_links_to":"","_links_to_target":""},"categories":[1],"tags":[],"class_list":["post-12687","post","type-post","status-publish","format-standard","hentry","category-allgemein"],"_links":{"self":[{"href":"https:\/\/eksm.de\/blog\/reise\/index.php?rest_route=\/wp\/v2\/posts\/12687","targetHints":{"allow":["GET"]}}],"collection":[{"href":"https:\/\/eksm.de\/blog\/reise\/index.php?rest_route=\/wp\/v2\/posts"}],"about":[{"href":"https:\/\/eksm.de\/blog\/reise\/index.php?rest_route=\/wp\/v2\/types\/post"}],"author":[{"embeddable":true,"href":"https:\/\/eksm.de\/blog\/reise\/index.php?rest_route=\/wp\/v2\/users\/941"}],"replies":[{"embeddable":true,"href":"https:\/\/eksm.de\/blog\/reise\/index.php?rest_route=%2Fwp%2Fv2%2Fcomments&post=12687"}],"version-history":[{"count":1,"href":"https:\/\/eksm.de\/blog\/reise\/index.php?rest_route=\/wp\/v2\/posts\/12687\/revisions"}],"predecessor-version":[{"id":12688,"href":"https:\/\/eksm.de\/blog\/reise\/index.php?rest_route=\/wp\/v2\/posts\/12687\/revisions\/12688"}],"wp:attachment":[{"href":"https:\/\/eksm.de\/blog\/reise\/index.php?rest_route=%2Fwp%2Fv2%2Fmedia&parent=12687"}],"wp:term":[{"taxonomy":"category","embeddable":true,"href":"https:\/\/eksm.de\/blog\/reise\/index.php?rest_route=%2Fwp%2Fv2%2Fcategories&post=12687"},{"taxonomy":"post_tag","embeddable":true,"href":"https:\/\/eksm.de\/blog\/reise\/index.php?rest_route=%2Fwp%2Fv2%2Ftags&post=12687"}],"curies":[{"name":"wp","href":"https:\/\/api.w.org\/{rel}","templated":true}]}}