{"id":12689,"date":"2020-08-25T23:48:42","date_gmt":"2020-08-25T21:48:42","guid":{"rendered":"http:\/\/eksm.de\/blog\/reise\/?p=12689"},"modified":"2020-08-26T14:04:57","modified_gmt":"2020-08-26T12:04:57","slug":"zu-land-und-zu-wasser-25-august-2020","status":"publish","type":"post","link":"https:\/\/eksm.de\/blog\/reise\/?p=12689","title":{"rendered":"Zu land und zu Wasser 25. August 2020"},"content":{"rendered":"\n<figure class=\"wp-block-image size-large\"><img loading=\"lazy\" decoding=\"async\" width=\"770\" height=\"1024\" src=\"https:\/\/eksm.de\/blog\/reise\/wp-content\/uploads\/2020\/08\/Unbenannt-770x1024.jpg\" alt=\"\" class=\"wp-image-12694\" srcset=\"https:\/\/eksm.de\/blog\/reise\/wp-content\/uploads\/2020\/08\/Unbenannt-770x1024.jpg 770w, https:\/\/eksm.de\/blog\/reise\/wp-content\/uploads\/2020\/08\/Unbenannt-226x300.jpg 226w, https:\/\/eksm.de\/blog\/reise\/wp-content\/uploads\/2020\/08\/Unbenannt-768x1021.jpg 768w, https:\/\/eksm.de\/blog\/reise\/wp-content\/uploads\/2020\/08\/Unbenannt.jpg 873w\" sizes=\"auto, (max-width: 770px) 100vw, 770px\" \/><\/figure>\n\n\n\n<p><strong>Jena nach Porstendorf (~2,5h)<\/strong><strong><\/strong><\/p>\n\n\n\n<p>Alle waren wir uns einig, als wir uns am morgigen Fr\u00fchst\u00fcck in trauter Runde einfanden: Ja, die Nacht war wider Erwarten ungemein kalt, Muskelkater inklusive. Jenem sollten wir heute aber die Stirn bieten, denn es sollte zun\u00e4chst eine stramme Wanderung zum stadtnahen Aussichtspunkt Napoleonstein erfolgen. Dies ist ein Denkmal an die Schlacht bei Jena und Auerstedt und liegt auf dem Windknollen, nordwestlich von Jena. Von dort haben wir, durch gute Wetterbedingungen, eine weite Aussicht auf das Saaletal. Nachdem wir auf der Hochfl\u00e4che eine kurze Pause eingelegt hatten, ging es wieder zur\u00fcck durch das sich angrenzende W\u00e4ldchen, welches Lebensr\u00e4ume f\u00fcr die hier einheimische Tier- und Pflanzenwelt bereith\u00e4lt.<br>Zur\u00fcck in unserem Camp wurden die restlichen Utensilien, wie Paddel und Schwimmweste, f\u00fcr unseren weiteren Tagesablauf, gepackt. Und auf ging\u2019s in die zweite Runde unserer Kanutour. Auch heute wieder waren wir wieder fasziniert von den wunderhaften Wasserwegen. Joni verlangte heute von uns Freizeitteilnehmern alles: Wir sind die Saale ein st\u00fcckweit flussaufw\u00e4rts gefahren. Dies verlangte neben starken Nerven, Ausdauer und Kraft, vor allem Teamgeist, Empathie und Kommunikationsketten. Denn wir passierten durch \u00e4u\u00dferst mangrovenartige Wasserwege, um zu unserer Kanuanlegerstelle zu gelangen. Die hier anzutreffenden H\u00fcrden, wie hinabh\u00e4ngendes Ge\u00e4st und Bl\u00e4tterwerk, haben uns heute nochmal mehr zu einem umsichtigen Team zusammenwachsen lassen. Einige von uns haben \u00c4ngste oder Zweifel, durch positives Zureden \u00fcberwunden, und somit an Selbstwertgef\u00fchl gewonnen.<br>Unser Abendessen verbrachten wir, witterungsbedingt, gemeinsam in einem gro\u00dfen Zelt auf dem Campingplatz Rabeninsel Porstendorf. In ein paar Minuten erfolgt eine kleine Abendandacht durch unsere Teamerin Jela. Danach werden wir ein wenig fr\u00fcher ins Bett gehen wie gestern und wohl tief und fest schlafen. Bis morgen !<\/p>\n\n\n\n<p>Diesem Bericht von Daniela nur weniges erg\u00e4nzen. Frank und ich haben uns wieder um die Versorgung und um das Umsetzen der Autos gek\u00fcmmert. Auch waren zwei von unseren kr\u00e4nkelten Mitreisenden zu versorgen. F\u00fcr ein leckeres Abendessen, diesmal ein vegetarisches Kuskus (gut scharf), sorgte Jela mit bew\u00e4hrter Hilfe. Caro musste leider abbrechen und wurde abgeholt, was aber nicht durch die Fahrt bedingt war. Es tut uns leid, dass sie heim musste.<\/p>\n\n\n\n<figure class=\"wp-block-image size-large\"><img loading=\"lazy\" decoding=\"async\" width=\"400\" height=\"600\" src=\"https:\/\/eksm.de\/blog\/reise\/wp-content\/uploads\/2020\/08\/DSC_8869.jpg\" alt=\"\" class=\"wp-image-12691\" srcset=\"https:\/\/eksm.de\/blog\/reise\/wp-content\/uploads\/2020\/08\/DSC_8869.jpg 400w, https:\/\/eksm.de\/blog\/reise\/wp-content\/uploads\/2020\/08\/DSC_8869-200x300.jpg 200w\" sizes=\"auto, (max-width: 400px) 100vw, 400px\" \/><\/figure>\n\n\n\n<p><br>Morgen m\u00f6chte ich auch mal mit aufs Wasser. Ich hoffe es klappt.<br>Deshalb nur noch den Bericht hochladen und dann ins Bett, damit ich mit den anderen morgen mithalten kann<\/p>\n\n\n\n<p>Liebe Gr\u00fc\u00dfe Euer Anton Becker<\/p>\n\n\n\nngg_shortcode_0_placeholder\n","protected":false},"excerpt":{"rendered":"<p>Jena nach Porstendorf (~2,5h) Alle waren wir uns einig, als wir uns am morgigen Fr\u00fchst\u00fcck in trauter Runde einfanden: Ja, die Nacht war wider Erwarten ungemein kalt, Muskelkater inklusive. Jenem sollten wir heute aber die Stirn bieten, denn es sollte zun\u00e4chst eine stramme Wanderung zum stadtnahen Aussichtspunkt Napoleonstein erfolgen. Dies ist ein Denkmal an die &hellip; <a href=\"https:\/\/eksm.de\/blog\/reise\/?p=12689\" class=\"more-link\"><span class=\"screen-reader-text\">Zu land und zu Wasser 25. August 2020<\/span> weiterlesen <span class=\"meta-nav\">&rarr;<\/span><\/a><\/p>\n","protected":false},"author":941,"featured_media":0,"comment_status":"open","ping_status":"closed","sticky":false,"template":"","format":"standard","meta":{"ngg_post_thumbnail":0,"footnotes":"","_links_to":"","_links_to_target":""},"categories":[1],"tags":[],"class_list":["post-12689","post","type-post","status-publish","format-standard","hentry","category-allgemein"],"_links":{"self":[{"href":"https:\/\/eksm.de\/blog\/reise\/index.php?rest_route=\/wp\/v2\/posts\/12689","targetHints":{"allow":["GET"]}}],"collection":[{"href":"https:\/\/eksm.de\/blog\/reise\/index.php?rest_route=\/wp\/v2\/posts"}],"about":[{"href":"https:\/\/eksm.de\/blog\/reise\/index.php?rest_route=\/wp\/v2\/types\/post"}],"author":[{"embeddable":true,"href":"https:\/\/eksm.de\/blog\/reise\/index.php?rest_route=\/wp\/v2\/users\/941"}],"replies":[{"embeddable":true,"href":"https:\/\/eksm.de\/blog\/reise\/index.php?rest_route=%2Fwp%2Fv2%2Fcomments&post=12689"}],"version-history":[{"count":4,"href":"https:\/\/eksm.de\/blog\/reise\/index.php?rest_route=\/wp\/v2\/posts\/12689\/revisions"}],"predecessor-version":[{"id":12696,"href":"https:\/\/eksm.de\/blog\/reise\/index.php?rest_route=\/wp\/v2\/posts\/12689\/revisions\/12696"}],"wp:attachment":[{"href":"https:\/\/eksm.de\/blog\/reise\/index.php?rest_route=%2Fwp%2Fv2%2Fmedia&parent=12689"}],"wp:term":[{"taxonomy":"category","embeddable":true,"href":"https:\/\/eksm.de\/blog\/reise\/index.php?rest_route=%2Fwp%2Fv2%2Fcategories&post=12689"},{"taxonomy":"post_tag","embeddable":true,"href":"https:\/\/eksm.de\/blog\/reise\/index.php?rest_route=%2Fwp%2Fv2%2Ftags&post=12689"}],"curies":[{"name":"wp","href":"https:\/\/api.w.org\/{rel}","templated":true}]}}