{"id":12756,"date":"2020-08-26T22:48:50","date_gmt":"2020-08-26T20:48:50","guid":{"rendered":"http:\/\/eksm.de\/blog\/reise\/?p=12756"},"modified":"2020-08-30T18:20:22","modified_gmt":"2020-08-30T16:20:22","slug":"mit-dem-wind-von-porstendorf-bis-doebritschen","status":"publish","type":"post","link":"https:\/\/eksm.de\/blog\/reise\/?p=12756","title":{"rendered":"Mit dem Wind von Porstendorf bis D\u00f6britschen"},"content":{"rendered":"\n<figure class=\"wp-block-image size-large\"><img loading=\"lazy\" decoding=\"async\" width=\"1024\" height=\"889\" src=\"https:\/\/eksm.de\/blog\/reise\/wp-content\/uploads\/2020\/08\/Doebritschen-1024x889.jpg\" alt=\"\" class=\"wp-image-12757\" srcset=\"https:\/\/eksm.de\/blog\/reise\/wp-content\/uploads\/2020\/08\/Doebritschen-1024x889.jpg 1024w, https:\/\/eksm.de\/blog\/reise\/wp-content\/uploads\/2020\/08\/Doebritschen-300x260.jpg 300w, https:\/\/eksm.de\/blog\/reise\/wp-content\/uploads\/2020\/08\/Doebritschen-768x667.jpg 768w, https:\/\/eksm.de\/blog\/reise\/wp-content\/uploads\/2020\/08\/Doebritschen.jpg 1296w\" sizes=\"auto, (max-width: 1024px) 100vw, 1024px\" \/><\/figure>\n\n\n\n<p>Heute begleitete uns den ganzen Tag auffrischender Wind. Aber er blies uns in den R\u00fccken, jedenfalls zu meist. Nach der Tagesimpuls und dem Fr\u00fchst\u00fcck ging es auf die k\u00fcrzeste Strecke der Reise, die heute zu paddeln war. Ein Teil durfte ich sogar dabei sein. Joni warnte uns zu Beginn der Fahrt vor herunterfallenden \u00c4sten. Doch da wir uns an seine Anweisung hielten und in der Mitte der Saale fuhren ging keine Gefahr davon aus. Einige Engstellen entstanden durch umgest\u00fcrzte B\u00e4ume, aber auch sie waren nur eine Herausforderung und kein Problem. Zum Abschluss der Fahrt kam auch die erste Kanurutsche. So mussten die Kanus nicht umgesetzt werden, sondern sie glitten in die n\u00e4chste \u201eEtage\u201c. Da noch einiges an Zeit vom Tag \u00fcbrig war, wurden Spiele gemacht, die Boote mit Nummern versehen und nat\u00fcrlich gekocht. Heute gab es Chili con carne. Und f\u00fcr unsere Vegetarierinnen (und nicht nur f\u00fcr diese) ein Chili sine carne. Diese Nacht verbringen wir in Mannschaftszelten. So ersparen wir uns Auf- und den Abbau unserer Zelte, was f\u00fcr den morgigen Tag ganz gut ist, da uns 33 Flusskilometer bevorstehen.<\/p>\n\n\n\n<p>Die gesamte Mannschaft hat gute Laune, was sich auch beim Abendimpuls zeigte, als mitten ins Vaterunser ein Handy klingelte und alle ihren Spa\u00df hatten, ohne die Andacht zu verlieren.<\/p>\n\n\n\n<p>So nun werde ich auch langsam mich in Richtung Schlafst\u00e4tte begeben, denn auch morgen will ich wieder ein St\u00fcck dabei sein -auf dem Wasser.<\/p>\n\n\n\n<p>Bis Morgen Euer Anton Becker<\/p>\n\n\n\nngg_shortcode_0_placeholder\n\n\n\n<p>Sorry, die Bilder sind nicht chronologisch, sondern nach Gr\u00f6\u00dfe sortiert \ud83d\ude42<\/p>\n","protected":false},"excerpt":{"rendered":"<p>Heute begleitete uns den ganzen Tag auffrischender Wind. Aber er blies uns in den R\u00fccken, jedenfalls zu meist. Nach der Tagesimpuls und dem Fr\u00fchst\u00fcck ging es auf die k\u00fcrzeste Strecke der Reise, die heute zu paddeln war. Ein Teil durfte ich sogar dabei sein. Joni warnte uns zu Beginn der Fahrt vor herunterfallenden \u00c4sten. Doch &hellip; <a href=\"https:\/\/eksm.de\/blog\/reise\/?p=12756\" class=\"more-link\"><span class=\"screen-reader-text\">Mit dem Wind von Porstendorf bis D\u00f6britschen<\/span> weiterlesen <span class=\"meta-nav\">&rarr;<\/span><\/a><\/p>\n","protected":false},"author":941,"featured_media":0,"comment_status":"open","ping_status":"closed","sticky":false,"template":"","format":"standard","meta":{"ngg_post_thumbnail":0,"footnotes":"","_links_to":"","_links_to_target":""},"categories":[1],"tags":[],"class_list":["post-12756","post","type-post","status-publish","format-standard","hentry","category-allgemein"],"_links":{"self":[{"href":"https:\/\/eksm.de\/blog\/reise\/index.php?rest_route=\/wp\/v2\/posts\/12756","targetHints":{"allow":["GET"]}}],"collection":[{"href":"https:\/\/eksm.de\/blog\/reise\/index.php?rest_route=\/wp\/v2\/posts"}],"about":[{"href":"https:\/\/eksm.de\/blog\/reise\/index.php?rest_route=\/wp\/v2\/types\/post"}],"author":[{"embeddable":true,"href":"https:\/\/eksm.de\/blog\/reise\/index.php?rest_route=\/wp\/v2\/users\/941"}],"replies":[{"embeddable":true,"href":"https:\/\/eksm.de\/blog\/reise\/index.php?rest_route=%2Fwp%2Fv2%2Fcomments&post=12756"}],"version-history":[{"count":3,"href":"https:\/\/eksm.de\/blog\/reise\/index.php?rest_route=\/wp\/v2\/posts\/12756\/revisions"}],"predecessor-version":[{"id":12849,"href":"https:\/\/eksm.de\/blog\/reise\/index.php?rest_route=\/wp\/v2\/posts\/12756\/revisions\/12849"}],"wp:attachment":[{"href":"https:\/\/eksm.de\/blog\/reise\/index.php?rest_route=%2Fwp%2Fv2%2Fmedia&parent=12756"}],"wp:term":[{"taxonomy":"category","embeddable":true,"href":"https:\/\/eksm.de\/blog\/reise\/index.php?rest_route=%2Fwp%2Fv2%2Fcategories&post=12756"},{"taxonomy":"post_tag","embeddable":true,"href":"https:\/\/eksm.de\/blog\/reise\/index.php?rest_route=%2Fwp%2Fv2%2Ftags&post=12756"}],"curies":[{"name":"wp","href":"https:\/\/api.w.org\/{rel}","templated":true}]}}