{"id":12760,"date":"2020-08-27T23:37:55","date_gmt":"2020-08-27T21:37:55","guid":{"rendered":"http:\/\/eksm.de\/blog\/reise\/?p=12760"},"modified":"2020-08-30T18:18:01","modified_gmt":"2020-08-30T16:18:01","slug":"von-doebritschen-nach-naumburg-27-august-2020","status":"publish","type":"post","link":"https:\/\/eksm.de\/blog\/reise\/?p=12760","title":{"rendered":"Von D\u00f6britschen nach Naumburg 27. August 2020"},"content":{"rendered":"\n<figure class=\"wp-block-image size-large\"><img loading=\"lazy\" decoding=\"async\" width=\"1024\" height=\"1008\" src=\"https:\/\/eksm.de\/blog\/reise\/wp-content\/uploads\/2020\/08\/Naumburg-1024x1008.jpg\" alt=\"\" class=\"wp-image-12842\" srcset=\"https:\/\/eksm.de\/blog\/reise\/wp-content\/uploads\/2020\/08\/Naumburg-1024x1008.jpg 1024w, https:\/\/eksm.de\/blog\/reise\/wp-content\/uploads\/2020\/08\/Naumburg-300x295.jpg 300w, https:\/\/eksm.de\/blog\/reise\/wp-content\/uploads\/2020\/08\/Naumburg-768x756.jpg 768w, https:\/\/eksm.de\/blog\/reise\/wp-content\/uploads\/2020\/08\/Naumburg-1536x1512.jpg 1536w, https:\/\/eksm.de\/blog\/reise\/wp-content\/uploads\/2020\/08\/Naumburg.jpg 1549w\" sizes=\"auto, (max-width: 1024px) 100vw, 1024px\" \/><\/figure>\n\n\n\n<p>Die Nacht wurde in den gro\u00dfen Zelten f\u00fcr manch einen eine Herausforderung. Aber der morgen gestaltete sich recht entspannt, da wir keine Zelte abbauen mussten. Joni, der bislang die F\u00fchrung auf dem Wasser \u00fcbernommen hatte, musste f\u00fcr den Vormittag nach Jena. Jakob \u00fcbernahm perfekt. Es war heute die l\u00e4ngste Tour der Reise. Fast 33 km Saale waren zu bew\u00e4ltigen. Es ging nicht ohne eine beinahe Kenterung und eine Kenterung ab. Aber das einzige, was dabei passierte, waren die nassen Klamotten hinterher. Das Mittagessen hielt Frank in Bad K\u00f6sen bereit. Danach machte er sich mit auf das Wasser, w\u00e4hrend Sophie, Daniela und ich die Autos holten und zum Campingplatz nach Naumburg brachten. Das ging etwas l\u00e4nger, da ich zun\u00e4chst den falschen Zielort in das Navi eingegeben hatte. F\u00fcr das Abendessen auf dem sehr sch\u00f6nen Campingplatz sorgte Daniela: Sp\u00e4tzle mit K\u00e4seso\u00dfe. Nach der meditativen Andacht war es recht bald still in den Zelten und die gro\u00dfen Paddler vor dem Herrn schliefen bald. Nach den Absprachen f\u00fcr den morgigen letzten Tag bei einem Gl\u00e4schen Unstruth-Wein ging auch f\u00fcr die Leitung der Tag zu Ende und die Isomatte ruft jetzt auch nach mir.<\/p>\n\n\n\n<p>Liebe Gr\u00fc\u00dfe Euer Anton Becker<\/p>\n\n\n\nngg_shortcode_0_placeholder\n","protected":false},"excerpt":{"rendered":"<p>Die Nacht wurde in den gro\u00dfen Zelten f\u00fcr manch einen eine Herausforderung. Aber der morgen gestaltete sich recht entspannt, da wir keine Zelte abbauen mussten. Joni, der bislang die F\u00fchrung auf dem Wasser \u00fcbernommen hatte, musste f\u00fcr den Vormittag nach Jena. Jakob \u00fcbernahm perfekt. Es war heute die l\u00e4ngste Tour der Reise. Fast 33 km &hellip; <a href=\"https:\/\/eksm.de\/blog\/reise\/?p=12760\" class=\"more-link\"><span class=\"screen-reader-text\">Von D\u00f6britschen nach Naumburg 27. August 2020<\/span> weiterlesen <span class=\"meta-nav\">&rarr;<\/span><\/a><\/p>\n","protected":false},"author":941,"featured_media":0,"comment_status":"open","ping_status":"closed","sticky":false,"template":"","format":"standard","meta":{"ngg_post_thumbnail":0,"footnotes":"","_links_to":"","_links_to_target":""},"categories":[1],"tags":[],"class_list":["post-12760","post","type-post","status-publish","format-standard","hentry","category-allgemein"],"_links":{"self":[{"href":"https:\/\/eksm.de\/blog\/reise\/index.php?rest_route=\/wp\/v2\/posts\/12760","targetHints":{"allow":["GET"]}}],"collection":[{"href":"https:\/\/eksm.de\/blog\/reise\/index.php?rest_route=\/wp\/v2\/posts"}],"about":[{"href":"https:\/\/eksm.de\/blog\/reise\/index.php?rest_route=\/wp\/v2\/types\/post"}],"author":[{"embeddable":true,"href":"https:\/\/eksm.de\/blog\/reise\/index.php?rest_route=\/wp\/v2\/users\/941"}],"replies":[{"embeddable":true,"href":"https:\/\/eksm.de\/blog\/reise\/index.php?rest_route=%2Fwp%2Fv2%2Fcomments&post=12760"}],"version-history":[{"count":5,"href":"https:\/\/eksm.de\/blog\/reise\/index.php?rest_route=\/wp\/v2\/posts\/12760\/revisions"}],"predecessor-version":[{"id":12848,"href":"https:\/\/eksm.de\/blog\/reise\/index.php?rest_route=\/wp\/v2\/posts\/12760\/revisions\/12848"}],"wp:attachment":[{"href":"https:\/\/eksm.de\/blog\/reise\/index.php?rest_route=%2Fwp%2Fv2%2Fmedia&parent=12760"}],"wp:term":[{"taxonomy":"category","embeddable":true,"href":"https:\/\/eksm.de\/blog\/reise\/index.php?rest_route=%2Fwp%2Fv2%2Fcategories&post=12760"},{"taxonomy":"post_tag","embeddable":true,"href":"https:\/\/eksm.de\/blog\/reise\/index.php?rest_route=%2Fwp%2Fv2%2Ftags&post=12760"}],"curies":[{"name":"wp","href":"https:\/\/api.w.org\/{rel}","templated":true}]}}