{"id":12791,"date":"2020-08-28T21:15:02","date_gmt":"2020-08-28T19:15:02","guid":{"rendered":"http:\/\/eksm.de\/blog\/reise\/?p=12791"},"modified":"2020-08-30T18:15:01","modified_gmt":"2020-08-30T16:15:01","slug":"wenig-saale-viel-fahrt-28-august-2020","status":"publish","type":"post","link":"https:\/\/eksm.de\/blog\/reise\/?p=12791","title":{"rendered":"Wenig Saale viel Fahrt                       28. August 2020"},"content":{"rendered":"\n<figure class=\"wp-block-image size-large is-resized\"><img loading=\"lazy\" decoding=\"async\" src=\"https:\/\/eksm.de\/blog\/reise\/wp-content\/uploads\/2020\/08\/Goseck-709x1024.jpg\" alt=\"\" class=\"wp-image-12844\" width=\"436\" height=\"630\" srcset=\"https:\/\/eksm.de\/blog\/reise\/wp-content\/uploads\/2020\/08\/Goseck-709x1024.jpg 709w, https:\/\/eksm.de\/blog\/reise\/wp-content\/uploads\/2020\/08\/Goseck-208x300.jpg 208w, https:\/\/eksm.de\/blog\/reise\/wp-content\/uploads\/2020\/08\/Goseck.jpg 718w\" sizes=\"auto, (max-width: 436px) 100vw, 436px\" \/><\/figure>\n\n\n\n<p>Beim ins Bett gehen unkte Frank schon: \u201eMorgen gibt\u2019s Regen, sagt meine App!\u201c Und er hat es auch erfolgreich heraufbeschworen um 5.29 Uhr setzte ein sanfter Regen ein. Aber er begleitet uns nur bis zur Andacht und zum Fr\u00fchst\u00fcck. Frank konnte die Cr\u00eapes schon im Trockenen herstellen. Kraftvoll wie das Fr\u00fchst\u00fcck schien auch die Sonne und legte die Zelte trocken. Nach dem Verpacken aller Utensilien ging es auf die Saale. Daniela und Frank setzten heute die Autos um und ich mich ins Boot. Rebekka war so freundlich mich heute wieder mitzunehmen. An der Basisstation von Joni vorbei erlebten wir auch noch eine Schleuse. Und dann ging es aus dem Wasser. Also nach knapp 8 km Saale. Dann ging es noch auf eine kurze Zeitreise nach Goseck zum Sonnenobservatorium aus der Steinzeit ca. 7000 Jahre alt. Dort wurde uns von Frank die Zusammenh\u00e4nge erkl\u00e4rt, was nicht unbedingt auf ungeteilte Aufmerksamkeit stie\u00df. Mit einem Vaterunser im Kreis, eine sehr spezielle Erfahrung, ging es in die Autos. Jakob verabschiedete sich noch, da er m\u00f6glichst schnell nach Fambach musste und Frank ihn mitnahm. Die beiden Busse fuhren mit den Booten im Schlepptau zun\u00e4chst nach Jena, um bei Joni noch seine Freundin und Wechselklamotten zu holen (und seine Wohnung zu inspizieren). Dann ging es auf die Autobahn und in Richtung Heimat. Um 18.30 erreichten wir Seligenthal. Und wurden von Anette Recknagel nett empfangen. Wenn da nicht ein kleines technisches Problem gewesen w\u00e4re\u2026. Nun so wurde es um einiges sp\u00e4ter f\u00fcr die Crew.<\/p>\n\n\n\n<p>Es war eine gelungene Fahrt, von der sicher noch lange gezehrt werden kann in der Coranazeit \ud83d\ude0a<\/p>\n\n\n\n<p>Das war\u2019s. Euer Anton Becker<\/p>\n\n\n\n<p><\/p>\n\n\n\nngg_shortcode_0_placeholder\n","protected":false},"excerpt":{"rendered":"<p>Beim ins Bett gehen unkte Frank schon: \u201eMorgen gibt\u2019s Regen, sagt meine App!\u201c Und er hat es auch erfolgreich heraufbeschworen um 5.29 Uhr setzte ein sanfter Regen ein. Aber er begleitet uns nur bis zur Andacht und zum Fr\u00fchst\u00fcck. Frank konnte die Cr\u00eapes schon im Trockenen herstellen. Kraftvoll wie das Fr\u00fchst\u00fcck schien auch die Sonne &hellip; <a href=\"https:\/\/eksm.de\/blog\/reise\/?p=12791\" class=\"more-link\"><span class=\"screen-reader-text\">Wenig Saale viel Fahrt                       28. August 2020<\/span> weiterlesen <span class=\"meta-nav\">&rarr;<\/span><\/a><\/p>\n","protected":false},"author":941,"featured_media":0,"comment_status":"open","ping_status":"closed","sticky":false,"template":"","format":"standard","meta":{"ngg_post_thumbnail":0,"footnotes":"","_links_to":"","_links_to_target":""},"categories":[1],"tags":[],"class_list":["post-12791","post","type-post","status-publish","format-standard","hentry","category-allgemein"],"_links":{"self":[{"href":"https:\/\/eksm.de\/blog\/reise\/index.php?rest_route=\/wp\/v2\/posts\/12791","targetHints":{"allow":["GET"]}}],"collection":[{"href":"https:\/\/eksm.de\/blog\/reise\/index.php?rest_route=\/wp\/v2\/posts"}],"about":[{"href":"https:\/\/eksm.de\/blog\/reise\/index.php?rest_route=\/wp\/v2\/types\/post"}],"author":[{"embeddable":true,"href":"https:\/\/eksm.de\/blog\/reise\/index.php?rest_route=\/wp\/v2\/users\/941"}],"replies":[{"embeddable":true,"href":"https:\/\/eksm.de\/blog\/reise\/index.php?rest_route=%2Fwp%2Fv2%2Fcomments&post=12791"}],"version-history":[{"count":5,"href":"https:\/\/eksm.de\/blog\/reise\/index.php?rest_route=\/wp\/v2\/posts\/12791\/revisions"}],"predecessor-version":[{"id":12847,"href":"https:\/\/eksm.de\/blog\/reise\/index.php?rest_route=\/wp\/v2\/posts\/12791\/revisions\/12847"}],"wp:attachment":[{"href":"https:\/\/eksm.de\/blog\/reise\/index.php?rest_route=%2Fwp%2Fv2%2Fmedia&parent=12791"}],"wp:term":[{"taxonomy":"category","embeddable":true,"href":"https:\/\/eksm.de\/blog\/reise\/index.php?rest_route=%2Fwp%2Fv2%2Fcategories&post=12791"},{"taxonomy":"post_tag","embeddable":true,"href":"https:\/\/eksm.de\/blog\/reise\/index.php?rest_route=%2Fwp%2Fv2%2Ftags&post=12791"}],"curies":[{"name":"wp","href":"https:\/\/api.w.org\/{rel}","templated":true}]}}