{"id":12884,"date":"2021-07-27T23:30:26","date_gmt":"2021-07-27T21:30:26","guid":{"rendered":"https:\/\/eksm.de\/blog\/reise\/?p=12884"},"modified":"2021-07-28T23:02:59","modified_gmt":"2021-07-28T21:02:59","slug":"douze-kilometres-dardeche","status":"publish","type":"post","link":"https:\/\/eksm.de\/blog\/reise\/?p=12884","title":{"rendered":"Douze kilom\u00e8tres d\u2019ard\u00e8che"},"content":{"rendered":"\n<p>\u2026das war das heutige Programm. Doch zun\u00e4chst hie\u00df es ja aufstehen, was sich \u00fcber eine gewisse Zeit hinzog. Dann war eine gewisse Zeit Warten angesagt bis die \u201eCr\u00eaperie chez Frank\u201c \u00f6ffnete. Ob s\u00fc\u00df oder herzhaft belegt \u2013 sie waren lecker, begehrt und ruckzuck weg. Dann wurden die Vorbereitungen f\u00fcr den Ausflug getroffen: Sonnencreme und Badeklamotten, schlie\u00dflich sollte es auf die Ard\u00e8che gehen. Zu Fu\u00df und dann sp\u00e4ter mit dem Bus, ausger\u00fcstet mit Schwimmwesten ging es flussaufw\u00e4rts. Vier Stunden sp\u00e4ter waren wir 12 Kilometer flussabw\u00e4rts gepaddelt, hatten vier Rutschen und etliche Stromschnellen \u00fcberwunden. Und jeder und jede wusste, wo das mit der Sonnencreme nicht ordentlich genug war. Nach der vierten Rutsche machten wir an unserem Campingplatz Pause und Frank versorgte uns mit Nahrung. In den Bilder seht Ihr noch eine Serie Sprungbilder. Und als wir zur\u00fcck waren und uns trockengelegt hatten, gab es ein leckeres \u201ePoulet Provonzial\u201c mit Reis. Das es geschmeckt hat, sieht man am leeren Topf. Danach wurde gebadet, gespielt und gesp\u00fclt. Das Umfeld machten einige danach noch unsicher. Ganz so sp\u00e4t wie gestern wird es heute nicht werden. <\/p>\n\n\n\n<p>Liebe Gr\u00fc\u00dfe Anton Becker, Pfr.<\/p>\n\n\n\nngg_shortcode_0_placeholder\n","protected":false},"excerpt":{"rendered":"<p>\u2026das war das heutige Programm. Doch zun\u00e4chst hie\u00df es ja aufstehen, was sich \u00fcber eine gewisse Zeit hinzog. Dann war eine gewisse Zeit Warten angesagt bis die \u201eCr\u00eaperie chez Frank\u201c \u00f6ffnete. Ob s\u00fc\u00df oder herzhaft belegt \u2013 sie waren lecker, begehrt und ruckzuck weg. Dann wurden die Vorbereitungen f\u00fcr den Ausflug getroffen: Sonnencreme und Badeklamotten, &hellip; <a href=\"https:\/\/eksm.de\/blog\/reise\/?p=12884\" class=\"more-link\"><span class=\"screen-reader-text\">Douze kilom\u00e8tres d\u2019ard\u00e8che<\/span> weiterlesen <span class=\"meta-nav\">&rarr;<\/span><\/a><\/p>\n","protected":false},"author":941,"featured_media":0,"comment_status":"open","ping_status":"closed","sticky":false,"template":"","format":"standard","meta":{"ngg_post_thumbnail":0,"footnotes":"","_links_to":"","_links_to_target":""},"categories":[1],"tags":[],"class_list":["post-12884","post","type-post","status-publish","format-standard","hentry","category-allgemein"],"_links":{"self":[{"href":"https:\/\/eksm.de\/blog\/reise\/index.php?rest_route=\/wp\/v2\/posts\/12884","targetHints":{"allow":["GET"]}}],"collection":[{"href":"https:\/\/eksm.de\/blog\/reise\/index.php?rest_route=\/wp\/v2\/posts"}],"about":[{"href":"https:\/\/eksm.de\/blog\/reise\/index.php?rest_route=\/wp\/v2\/types\/post"}],"author":[{"embeddable":true,"href":"https:\/\/eksm.de\/blog\/reise\/index.php?rest_route=\/wp\/v2\/users\/941"}],"replies":[{"embeddable":true,"href":"https:\/\/eksm.de\/blog\/reise\/index.php?rest_route=%2Fwp%2Fv2%2Fcomments&post=12884"}],"version-history":[{"count":4,"href":"https:\/\/eksm.de\/blog\/reise\/index.php?rest_route=\/wp\/v2\/posts\/12884\/revisions"}],"predecessor-version":[{"id":12965,"href":"https:\/\/eksm.de\/blog\/reise\/index.php?rest_route=\/wp\/v2\/posts\/12884\/revisions\/12965"}],"wp:attachment":[{"href":"https:\/\/eksm.de\/blog\/reise\/index.php?rest_route=%2Fwp%2Fv2%2Fmedia&parent=12884"}],"wp:term":[{"taxonomy":"category","embeddable":true,"href":"https:\/\/eksm.de\/blog\/reise\/index.php?rest_route=%2Fwp%2Fv2%2Fcategories&post=12884"},{"taxonomy":"post_tag","embeddable":true,"href":"https:\/\/eksm.de\/blog\/reise\/index.php?rest_route=%2Fwp%2Fv2%2Ftags&post=12884"}],"curies":[{"name":"wp","href":"https:\/\/api.w.org\/{rel}","templated":true}]}}