{"id":12934,"date":"2021-07-28T22:14:48","date_gmt":"2021-07-28T20:14:48","guid":{"rendered":"https:\/\/eksm.de\/blog\/reise\/?p=12934"},"modified":"2021-07-28T22:34:29","modified_gmt":"2021-07-28T20:34:29","slug":"entlang-der-ardeche-nach-avignon","status":"publish","type":"post","link":"https:\/\/eksm.de\/blog\/reise\/?p=12934","title":{"rendered":"Entlang der Ard\u00e8che nach Avignon"},"content":{"rendered":"\n<p>Heute Morgen 4.21 Uhr klopften die ersten Regentropfen an unsere Zeltd\u00e4cher. Frank hatte es ja prophezeit. Durch das intensive k\u00f6rperliche Training am Vortag (ich meine das Paddeln) war es aber bis zum Ende des Regens um 8.00 Uhr ruhig in unserer Zeltstadt. W\u00e4hrend des Fr\u00fchst\u00fccks lichteten sich die Wolken Zusehens, und bis die Zelte leerger\u00e4umt waren, waren sie weitgehend trocken. Dann ging es wieder los. Auf die Stra\u00dfe, die uns auf einer Bergstra\u00dfe an der Ard\u00e8che entlang f\u00fchrte hinein ins Rhonetal. Und auch dieses Mal erwischte uns ganz am Ende noch ein saftiger Stau. Nach Aufbau der Zelte gingen einige ins Schwimmbad. Frank besch\u00e4ftigte sich mit dem Goulasch und den Nudeln. Die Erkundung der direkten Umgebung stand dann f\u00fcr die meisten auf dem Plan.<\/p>\n\n\n\n<p>Naturgem\u00e4\u00df gibt es f\u00fcr einen solchen Reisetag weniger Bilder zur Verf\u00fcgung, die ich Euch aber nicht vorenthalten will.  Eines haben wir gemacht in Erinnerung an das letzte Mal als Dietmar Hauser noch dabei war.<br>Liebe Gr\u00fc\u00dfe Anton Becker, Pfr.<\/p>\n\n\n\nngg_shortcode_0_placeholder\n","protected":false},"excerpt":{"rendered":"<p>Heute Morgen 4.21 Uhr klopften die ersten Regentropfen an unsere Zeltd\u00e4cher. Frank hatte es ja prophezeit. Durch das intensive k\u00f6rperliche Training am Vortag (ich meine das Paddeln) war es aber bis zum Ende des Regens um 8.00 Uhr ruhig in unserer Zeltstadt. W\u00e4hrend des Fr\u00fchst\u00fccks lichteten sich die Wolken Zusehens, und bis die Zelte leerger\u00e4umt &hellip; <a href=\"https:\/\/eksm.de\/blog\/reise\/?p=12934\" class=\"more-link\"><span class=\"screen-reader-text\">Entlang der Ard\u00e8che nach Avignon<\/span> weiterlesen <span class=\"meta-nav\">&rarr;<\/span><\/a><\/p>\n","protected":false},"author":941,"featured_media":0,"comment_status":"open","ping_status":"closed","sticky":false,"template":"","format":"standard","meta":{"ngg_post_thumbnail":0,"footnotes":"","_links_to":"","_links_to_target":""},"categories":[1],"tags":[],"class_list":["post-12934","post","type-post","status-publish","format-standard","hentry","category-allgemein"],"_links":{"self":[{"href":"https:\/\/eksm.de\/blog\/reise\/index.php?rest_route=\/wp\/v2\/posts\/12934","targetHints":{"allow":["GET"]}}],"collection":[{"href":"https:\/\/eksm.de\/blog\/reise\/index.php?rest_route=\/wp\/v2\/posts"}],"about":[{"href":"https:\/\/eksm.de\/blog\/reise\/index.php?rest_route=\/wp\/v2\/types\/post"}],"author":[{"embeddable":true,"href":"https:\/\/eksm.de\/blog\/reise\/index.php?rest_route=\/wp\/v2\/users\/941"}],"replies":[{"embeddable":true,"href":"https:\/\/eksm.de\/blog\/reise\/index.php?rest_route=%2Fwp%2Fv2%2Fcomments&post=12934"}],"version-history":[{"count":3,"href":"https:\/\/eksm.de\/blog\/reise\/index.php?rest_route=\/wp\/v2\/posts\/12934\/revisions"}],"predecessor-version":[{"id":12945,"href":"https:\/\/eksm.de\/blog\/reise\/index.php?rest_route=\/wp\/v2\/posts\/12934\/revisions\/12945"}],"wp:attachment":[{"href":"https:\/\/eksm.de\/blog\/reise\/index.php?rest_route=%2Fwp%2Fv2%2Fmedia&parent=12934"}],"wp:term":[{"taxonomy":"category","embeddable":true,"href":"https:\/\/eksm.de\/blog\/reise\/index.php?rest_route=%2Fwp%2Fv2%2Fcategories&post=12934"},{"taxonomy":"post_tag","embeddable":true,"href":"https:\/\/eksm.de\/blog\/reise\/index.php?rest_route=%2Fwp%2Fv2%2Ftags&post=12934"}],"curies":[{"name":"wp","href":"https:\/\/api.w.org\/{rel}","templated":true}]}}