{"id":13012,"date":"2021-07-30T23:17:01","date_gmt":"2021-07-30T21:17:01","guid":{"rendered":"https:\/\/eksm.de\/blog\/reise\/?p=13012"},"modified":"2021-07-31T00:15:16","modified_gmt":"2021-07-30T22:15:16","slug":"abkuehlung-im-gard","status":"publish","type":"post","link":"https:\/\/eksm.de\/blog\/reise\/?p=13012","title":{"rendered":"Abk\u00fchlung im Gard"},"content":{"rendered":"\n<p>Abk\u00fchlung im Gard<\/p>\n\n\n\n<p>Der fr\u00fche Morgen zeigte sich nicht von seiner besten Seite. Es tr\u00f6pfelte \u2013 Regen konnte man es noch nicht nennen. Sorgen um die Sachen trieb Frank und mich aus dem Bett. Kurz danach kam Kim dazu, die an der Ard\u00e8che ihre Erfahrungen machte. Aber die \u201eAu\u00dfer Haus\u201c Schl\u00e4fer mussten wir dann doch nicht wecken, weil sich das Wetter beruhigte. Es wurde heute wieder bis zu 34 Grad warm. Nach einer guten Portion Cr\u00eapes ging es dann los zum Pont du Grad \u2013 grade mal 18 km entfernt. Das Museum fand seine Besucher und das Wasser des Gard wurde getestet. Einige verbrachten eine ruhige Zeit unter den Br\u00fcckenb\u00f6gen und pflegten im Schatten ihren Sonnenbrand. Kr\u00e4ftemessen mit Gleichaltrigen gab es auch. Auf dem Campingplatz wieder angekommen, wurde das Abendessen vorbereitet \u2013 Nudeln mit K\u00e4seso\u00dfe. Mit K\u00e4se, genauer mit Quark wurde ein Wickel gemacht, der die gestresste Haut beruhigen sollte. So ging auch dieser Tag zu Ende. Das angek\u00fcndigte Gewitter kam nicht. Allerdings rumorte es noch an anderer Stelle, aber auch hier kam es wieder zur Beruhigung.<\/p>\n\n\n\n<p>Wir hatten unseren Spa\u00df heute. Gr\u00fc\u00dfe aus Avignon Anton Becker, Pfr.<\/p>\n\n\n\nngg_shortcode_0_placeholder\n","protected":false},"excerpt":{"rendered":"<p>Abk\u00fchlung im Gard Der fr\u00fche Morgen zeigte sich nicht von seiner besten Seite. Es tr\u00f6pfelte \u2013 Regen konnte man es noch nicht nennen. Sorgen um die Sachen trieb Frank und mich aus dem Bett. Kurz danach kam Kim dazu, die an der Ard\u00e8che ihre Erfahrungen machte. Aber die \u201eAu\u00dfer Haus\u201c Schl\u00e4fer mussten wir dann doch &hellip; <a href=\"https:\/\/eksm.de\/blog\/reise\/?p=13012\" class=\"more-link\"><span class=\"screen-reader-text\">Abk\u00fchlung im Gard<\/span> weiterlesen <span class=\"meta-nav\">&rarr;<\/span><\/a><\/p>\n","protected":false},"author":941,"featured_media":0,"comment_status":"open","ping_status":"closed","sticky":false,"template":"","format":"standard","meta":{"ngg_post_thumbnail":0,"footnotes":"","_links_to":"","_links_to_target":""},"categories":[1],"tags":[],"class_list":["post-13012","post","type-post","status-publish","format-standard","hentry","category-allgemein"],"_links":{"self":[{"href":"https:\/\/eksm.de\/blog\/reise\/index.php?rest_route=\/wp\/v2\/posts\/13012","targetHints":{"allow":["GET"]}}],"collection":[{"href":"https:\/\/eksm.de\/blog\/reise\/index.php?rest_route=\/wp\/v2\/posts"}],"about":[{"href":"https:\/\/eksm.de\/blog\/reise\/index.php?rest_route=\/wp\/v2\/types\/post"}],"author":[{"embeddable":true,"href":"https:\/\/eksm.de\/blog\/reise\/index.php?rest_route=\/wp\/v2\/users\/941"}],"replies":[{"embeddable":true,"href":"https:\/\/eksm.de\/blog\/reise\/index.php?rest_route=%2Fwp%2Fv2%2Fcomments&post=13012"}],"version-history":[{"count":2,"href":"https:\/\/eksm.de\/blog\/reise\/index.php?rest_route=\/wp\/v2\/posts\/13012\/revisions"}],"predecessor-version":[{"id":13103,"href":"https:\/\/eksm.de\/blog\/reise\/index.php?rest_route=\/wp\/v2\/posts\/13012\/revisions\/13103"}],"wp:attachment":[{"href":"https:\/\/eksm.de\/blog\/reise\/index.php?rest_route=%2Fwp%2Fv2%2Fmedia&parent=13012"}],"wp:term":[{"taxonomy":"category","embeddable":true,"href":"https:\/\/eksm.de\/blog\/reise\/index.php?rest_route=%2Fwp%2Fv2%2Fcategories&post=13012"},{"taxonomy":"post_tag","embeddable":true,"href":"https:\/\/eksm.de\/blog\/reise\/index.php?rest_route=%2Fwp%2Fv2%2Ftags&post=13012"}],"curies":[{"name":"wp","href":"https:\/\/api.w.org\/{rel}","templated":true}]}}