{"id":13126,"date":"2021-07-31T23:31:12","date_gmt":"2021-07-31T21:31:12","guid":{"rendered":"https:\/\/eksm.de\/blog\/reise\/?p=13126"},"modified":"2021-07-31T23:31:12","modified_gmt":"2021-07-31T21:31:12","slug":"lila-und-ocker-duft-und-farbspiel","status":"publish","type":"post","link":"https:\/\/eksm.de\/blog\/reise\/?p=13126","title":{"rendered":"Lila und Ocker \u2013 Duft- und Farbspiel"},"content":{"rendered":"\n<p>Langsam kamen die Recken in die G\u00e4nge. Einer musste sogar aus dem Tiefschlaf f\u00f6rmlich gerissen werden, damit wir Fr\u00fchst\u00fccken konnten. Nachdem wir alles noch regenfest gemacht hatten ging es los Richtung Sault. Auf dem Weg dorthin wurde noch ein Einkaufsstopp gemacht. Dann ging es auf einer Bergstra\u00dfe hinauf auf das Hochplateau. Dort angekommen lag Sault vor uns. Dieses \u00d6rtchen, das auf der Grenze von Vaucluse und Haute Provence liegt, gilt als Lavendelort. Alles erdenkliche gibt es da, was mit Lavendel zu tun hat \u2013 besonders ist es umgeben mit vielen Lavendelfeldern. Nach einer l\u00e4ngeren Besichtigungs- und Essenspause ging es weiter nach Rustrel. Die ber\u00fchmten Ockerbr\u00fcche befinden sich dort: Das Colorado Provon\u00e7al. Dort angekommen musste Robin und Frank zur\u00fcckbleiben, weil sie keinen Pass sanitaire haben. Es ist ein farbliches Schauspiel. Da es zwei M\u00f6glichkeiten gibt, durch den Park zu gehen, teilte sich die Gruppe nach Neigung auf. Zur\u00fcck in Avignon wurde gekocht. Unter erschwerten Bedingungen zauberte Frank eine leckere Tomatenso\u00dfe mit Nudeln. Der Mistral blies die Brenner immer wieder aus und als der Wind nachlie\u00df, begann es zu regnen. Aber der guten Laune tat dies keinen Abbruch. Es wurde eben im Zelt gegessen. Und danach setzten sich die meisten noch bei der Rezeption unter Dach zusammen. Nun kehrt langsam Ruhe ein. Und ich gehe auch schlafen. Morgen wollen wir zuerst zu einem Wochenmarkt und dann ans Meer. Mal sehen ob wir dazu von unsrem Herrn Sonntagswetter bekommen. Euer Anton Becker, Pfr.<\/p>\n\n\n\n<p>PS: Morgen erg\u00e4nze ich hier noch einige Bilder&#8230;<\/p>\n\n\n\nngg_shortcode_0_placeholder\n","protected":false},"excerpt":{"rendered":"<p>Langsam kamen die Recken in die G\u00e4nge. Einer musste sogar aus dem Tiefschlaf f\u00f6rmlich gerissen werden, damit wir Fr\u00fchst\u00fccken konnten. Nachdem wir alles noch regenfest gemacht hatten ging es los Richtung Sault. Auf dem Weg dorthin wurde noch ein Einkaufsstopp gemacht. Dann ging es auf einer Bergstra\u00dfe hinauf auf das Hochplateau. Dort angekommen lag Sault &hellip; <a href=\"https:\/\/eksm.de\/blog\/reise\/?p=13126\" class=\"more-link\"><span class=\"screen-reader-text\">Lila und Ocker \u2013 Duft- und Farbspiel<\/span> weiterlesen <span class=\"meta-nav\">&rarr;<\/span><\/a><\/p>\n","protected":false},"author":941,"featured_media":0,"comment_status":"open","ping_status":"closed","sticky":false,"template":"","format":"standard","meta":{"ngg_post_thumbnail":0,"footnotes":"","_links_to":"","_links_to_target":""},"categories":[1],"tags":[],"class_list":["post-13126","post","type-post","status-publish","format-standard","hentry","category-allgemein"],"_links":{"self":[{"href":"https:\/\/eksm.de\/blog\/reise\/index.php?rest_route=\/wp\/v2\/posts\/13126","targetHints":{"allow":["GET"]}}],"collection":[{"href":"https:\/\/eksm.de\/blog\/reise\/index.php?rest_route=\/wp\/v2\/posts"}],"about":[{"href":"https:\/\/eksm.de\/blog\/reise\/index.php?rest_route=\/wp\/v2\/types\/post"}],"author":[{"embeddable":true,"href":"https:\/\/eksm.de\/blog\/reise\/index.php?rest_route=\/wp\/v2\/users\/941"}],"replies":[{"embeddable":true,"href":"https:\/\/eksm.de\/blog\/reise\/index.php?rest_route=%2Fwp%2Fv2%2Fcomments&post=13126"}],"version-history":[{"count":1,"href":"https:\/\/eksm.de\/blog\/reise\/index.php?rest_route=\/wp\/v2\/posts\/13126\/revisions"}],"predecessor-version":[{"id":13127,"href":"https:\/\/eksm.de\/blog\/reise\/index.php?rest_route=\/wp\/v2\/posts\/13126\/revisions\/13127"}],"wp:attachment":[{"href":"https:\/\/eksm.de\/blog\/reise\/index.php?rest_route=%2Fwp%2Fv2%2Fmedia&parent=13126"}],"wp:term":[{"taxonomy":"category","embeddable":true,"href":"https:\/\/eksm.de\/blog\/reise\/index.php?rest_route=%2Fwp%2Fv2%2Fcategories&post=13126"},{"taxonomy":"post_tag","embeddable":true,"href":"https:\/\/eksm.de\/blog\/reise\/index.php?rest_route=%2Fwp%2Fv2%2Ftags&post=13126"}],"curies":[{"name":"wp","href":"https:\/\/api.w.org\/{rel}","templated":true}]}}