{"id":13434,"date":"2021-08-06T23:14:28","date_gmt":"2021-08-06T21:14:28","guid":{"rendered":"https:\/\/eksm.de\/blog\/reise\/?p=13434"},"modified":"2021-08-06T23:14:28","modified_gmt":"2021-08-06T21:14:28","slug":"die-rueckkehr-in-zwei-akten","status":"publish","type":"post","link":"https:\/\/eksm.de\/blog\/reise\/?p=13434","title":{"rendered":"Die R\u00fcckkehr in zwei Akten"},"content":{"rendered":"\n<p>Der erste Wecker klingelte schon um 6.20 Uhr. Wir wollten ja heute zusammenpacken, aufbrechen und nach Herbolzheim fahren. Das war aber doch zu fr\u00fch. Die Zelte waren alle noch nass, wenn auch nur von innen. Zun\u00e4chst ging es ein letztes Mal los Baguette zu holen. Inzwischen testete sich die Mannschaft \u2013 alle negativ. Das war gut. <\/p>\n\n\n\n<p>Dann Fr\u00fchst\u00fcck, Einpacken und los. Die Fahrt begann mit einem Stau\u2026war klar. Und dann kam noch einer und n och z\u00e4hflie\u00dfender Verkehr. Aber wir hatten uns in Freiburg, etwa ein Kilometer von meinem zuhause, an einer Teststelle angemeldet. So fielen die Pausen etwas k\u00fcrzer aus. Der Test war auch schnell gemacht und viel positiv aus, das hei\u00dft alle waren negativ. Dann ging es weiter nach Herbolzheim, wo wir uns bekochen lie\u00dfen und noch einmal \u00fcbernachten durften. Mein Sohn Johann stie\u00df zu uns, ein weiterer Fahrer. <\/p>\n\n\n\n<p>Ich schlief wieder bei meinem Cousin und der Rest in der Kirche. <\/p>\n\n\n\n<p>Robin hatte aber dieses Mal daf\u00fcr gesorgt, dass das Wecken durch die Glocken ausblieb. So fand ich alle noch schlafend vor, als in um 7.00 Uhr ankam. Fr\u00fchst\u00fcck besorgen, richten und verspeisen stand nun auf der Agenda. Dazwischen war noch die Morgenandacht eingebettet, die noch einmal Bezug auf unsere Baumaktion nahm. <\/p>\n\n\n\n<p>Dann wurde noch ein Blick in den die Kirche umgebenden Bibelgarten mit Mandel- und Olivenb\u00e4umen geworfen (Ja, die wachsen da im Freien!). Und es ging los. Auf der Autobahn war erwartungsgem\u00e4\u00df viel los. Die erste Pause machten wir nach 10 Minuten, weil Frank die Luft ausging. Nat\u00fcrlich nicht Frank, sondern einem Reifen seines Autos, der ganz langsam Luft verlor. <\/p>\n\n\n\n<p>Nach weiteren Stopps erreichten wir wohlbehalten Seligenthal. Ein Gruppenbild und die Mannschaft zerstreute sich. <\/p>\n\n\n\n<p>Die Autos mussten noch in Ordnung gebracht werden und das \u201eK\u00fcchenauto\u201c Entladen. Ich hatte das Gl\u00fcck, dass mir Frau Ullrich, meine Frau und mein Sohn halfen. Vielen Dank.<\/p>\n\n\n\n<p>Es war eine sch\u00f6ne Fahrt und ich bin froh, dass wir den Mut und das Gottvertrauen hatten loszufahren.<\/p>\n\n\n\n<p>Ein letztes Mal f\u00fcr diese Fahrt: Liebe Gr\u00fc\u00dfe Ihr Anton Becker, Pfr.<\/p>\n\n\n\nngg_shortcode_0_placeholder\n","protected":false},"excerpt":{"rendered":"<p>Der erste Wecker klingelte schon um 6.20 Uhr. Wir wollten ja heute zusammenpacken, aufbrechen und nach Herbolzheim fahren. Das war aber doch zu fr\u00fch. Die Zelte waren alle noch nass, wenn auch nur von innen. Zun\u00e4chst ging es ein letztes Mal los Baguette zu holen. Inzwischen testete sich die Mannschaft \u2013 alle negativ. Das war &hellip; <a href=\"https:\/\/eksm.de\/blog\/reise\/?p=13434\" class=\"more-link\"><span class=\"screen-reader-text\">Die R\u00fcckkehr in zwei Akten<\/span> weiterlesen <span class=\"meta-nav\">&rarr;<\/span><\/a><\/p>\n","protected":false},"author":941,"featured_media":0,"comment_status":"open","ping_status":"closed","sticky":false,"template":"","format":"standard","meta":{"ngg_post_thumbnail":0,"footnotes":"","_links_to":"","_links_to_target":""},"categories":[1],"tags":[],"class_list":["post-13434","post","type-post","status-publish","format-standard","hentry","category-allgemein"],"_links":{"self":[{"href":"https:\/\/eksm.de\/blog\/reise\/index.php?rest_route=\/wp\/v2\/posts\/13434","targetHints":{"allow":["GET"]}}],"collection":[{"href":"https:\/\/eksm.de\/blog\/reise\/index.php?rest_route=\/wp\/v2\/posts"}],"about":[{"href":"https:\/\/eksm.de\/blog\/reise\/index.php?rest_route=\/wp\/v2\/types\/post"}],"author":[{"embeddable":true,"href":"https:\/\/eksm.de\/blog\/reise\/index.php?rest_route=\/wp\/v2\/users\/941"}],"replies":[{"embeddable":true,"href":"https:\/\/eksm.de\/blog\/reise\/index.php?rest_route=%2Fwp%2Fv2%2Fcomments&post=13434"}],"version-history":[{"count":1,"href":"https:\/\/eksm.de\/blog\/reise\/index.php?rest_route=\/wp\/v2\/posts\/13434\/revisions"}],"predecessor-version":[{"id":13435,"href":"https:\/\/eksm.de\/blog\/reise\/index.php?rest_route=\/wp\/v2\/posts\/13434\/revisions\/13435"}],"wp:attachment":[{"href":"https:\/\/eksm.de\/blog\/reise\/index.php?rest_route=%2Fwp%2Fv2%2Fmedia&parent=13434"}],"wp:term":[{"taxonomy":"category","embeddable":true,"href":"https:\/\/eksm.de\/blog\/reise\/index.php?rest_route=%2Fwp%2Fv2%2Fcategories&post=13434"},{"taxonomy":"post_tag","embeddable":true,"href":"https:\/\/eksm.de\/blog\/reise\/index.php?rest_route=%2Fwp%2Fv2%2Ftags&post=13434"}],"curies":[{"name":"wp","href":"https:\/\/api.w.org\/{rel}","templated":true}]}}