{"id":13444,"date":"2021-09-01T22:04:24","date_gmt":"2021-09-01T20:04:24","guid":{"rendered":"https:\/\/eksm.de\/blog\/reise\/?p=13444"},"modified":"2021-09-02T23:18:54","modified_gmt":"2021-09-02T21:18:54","slug":"erster-tag-auf-der-unstruth","status":"publish","type":"post","link":"https:\/\/eksm.de\/blog\/reise\/?p=13444","title":{"rendered":"Erster Tag auf der Unstrut"},"content":{"rendered":"\n<figure class=\"wp-block-image size-full\"><a href=\"http:\/\/eksm.de\/blog\/reise\/wp-content\/uploads\/2021\/08\/Artern-Bottendorf.jpg\"><img loading=\"lazy\" decoding=\"async\" width=\"790\" height=\"1007\" src=\"http:\/\/eksm.de\/blog\/reise\/wp-content\/uploads\/2021\/08\/Artern-Bottendorf.jpg\" alt=\"\" class=\"wp-image-13437\" srcset=\"https:\/\/eksm.de\/blog\/reise\/wp-content\/uploads\/2021\/08\/Artern-Bottendorf.jpg 790w, https:\/\/eksm.de\/blog\/reise\/wp-content\/uploads\/2021\/08\/Artern-Bottendorf-235x300.jpg 235w, https:\/\/eksm.de\/blog\/reise\/wp-content\/uploads\/2021\/08\/Artern-Bottendorf-768x979.jpg 768w\" sizes=\"auto, (max-width: 790px) 100vw, 790px\" \/><\/a><\/figure>\n\n\n\n<p>Guten Abend! Ja es ist tats\u00e4chlich doch noch zustande gekommen. Wir sind die erste Tour gefahren. Gestartet sind wir heute Morgen um kurz vor neun Uhr in Seligenthal am Gemeindehaus. Die Familien Neuh\u00f6fer, Seeber und Hopf bef\u00f6rderte uns nach Artern zum Einstieg. Vielen Dank daf\u00fcr. Alle kamen auf das Wasser ohne ins Wasser zu fallen. Die Str\u00f6mung auf der Unstruth ist nicht mit der Str\u00f6mung auf der Werra zu vergleichen, aber ganz ohne ist sie auch nicht. Bei der Pause in Sch\u00f6newerda bekamen einige Boot das zu sp\u00fcren. Ruckzuck waren sie einige Meter weiter als sie sollten und mussten zum Ausstieg zur\u00fcckpaddeln. Gest\u00e4rkt mit Bockwurst und Br\u00f6tchen ging es weiter nach Bottendorf auf den Campingplatz. Schneller als gedacht kamen die Boote an. Dann sollte das Quartier gemacht werden. Das mit dem GEMEINSAM sollten wir noch \u00fcben. Als alle Zelte und die K\u00fcche stand, gingen alle ihren Besch\u00e4ftigungen nach. Ein Gr\u00fcppchen lief nach Ro\u00dffelden um sich mit Sonnenschutz auszur\u00fcsten. Ja den h\u00e4tten wir heute schon gebraucht. Zum Abendessen gab es Nudeln mit Tomatenso\u00dfe, K\u00e4se und Wurstst\u00fcckchen. Danach gab es eine Einf\u00fchrung von Joni in das Feuermachen mit Feuerstein. Nach einigen Versuchen brannte das Lagerfeuer und der Tag klingt nun langsam aus. (Zum Beispiel mit Flaschendrehen.) Morgen geht es dann weiter Richtung Karsdorf.<\/p>\n\n\n\nngg_shortcode_0_placeholder\n","protected":false},"excerpt":{"rendered":"<p>Guten Abend! Ja es ist tats\u00e4chlich doch noch zustande gekommen. Wir sind die erste Tour gefahren. Gestartet sind wir heute Morgen um kurz vor neun Uhr in Seligenthal am Gemeindehaus. Die Familien Neuh\u00f6fer, Seeber und Hopf bef\u00f6rderte uns nach Artern zum Einstieg. Vielen Dank daf\u00fcr. Alle kamen auf das Wasser ohne ins Wasser zu fallen. &hellip; <a href=\"https:\/\/eksm.de\/blog\/reise\/?p=13444\" class=\"more-link\"><span class=\"screen-reader-text\">Erster Tag auf der Unstrut<\/span> weiterlesen <span class=\"meta-nav\">&rarr;<\/span><\/a><\/p>\n","protected":false},"author":941,"featured_media":0,"comment_status":"open","ping_status":"closed","sticky":false,"template":"","format":"standard","meta":{"ngg_post_thumbnail":0,"footnotes":"","_links_to":"","_links_to_target":""},"categories":[1],"tags":[],"class_list":["post-13444","post","type-post","status-publish","format-standard","hentry","category-allgemein"],"_links":{"self":[{"href":"https:\/\/eksm.de\/blog\/reise\/index.php?rest_route=\/wp\/v2\/posts\/13444","targetHints":{"allow":["GET"]}}],"collection":[{"href":"https:\/\/eksm.de\/blog\/reise\/index.php?rest_route=\/wp\/v2\/posts"}],"about":[{"href":"https:\/\/eksm.de\/blog\/reise\/index.php?rest_route=\/wp\/v2\/types\/post"}],"author":[{"embeddable":true,"href":"https:\/\/eksm.de\/blog\/reise\/index.php?rest_route=\/wp\/v2\/users\/941"}],"replies":[{"embeddable":true,"href":"https:\/\/eksm.de\/blog\/reise\/index.php?rest_route=%2Fwp%2Fv2%2Fcomments&post=13444"}],"version-history":[{"count":3,"href":"https:\/\/eksm.de\/blog\/reise\/index.php?rest_route=\/wp\/v2\/posts\/13444\/revisions"}],"predecessor-version":[{"id":13694,"href":"https:\/\/eksm.de\/blog\/reise\/index.php?rest_route=\/wp\/v2\/posts\/13444\/revisions\/13694"}],"wp:attachment":[{"href":"https:\/\/eksm.de\/blog\/reise\/index.php?rest_route=%2Fwp%2Fv2%2Fmedia&parent=13444"}],"wp:term":[{"taxonomy":"category","embeddable":true,"href":"https:\/\/eksm.de\/blog\/reise\/index.php?rest_route=%2Fwp%2Fv2%2Fcategories&post=13444"},{"taxonomy":"post_tag","embeddable":true,"href":"https:\/\/eksm.de\/blog\/reise\/index.php?rest_route=%2Fwp%2Fv2%2Ftags&post=13444"}],"curies":[{"name":"wp","href":"https:\/\/api.w.org\/{rel}","templated":true}]}}