{"id":13696,"date":"2021-09-03T23:55:27","date_gmt":"2021-09-03T21:55:27","guid":{"rendered":"https:\/\/eksm.de\/blog\/reise\/?p=13696"},"modified":"2021-09-03T23:57:14","modified_gmt":"2021-09-03T21:57:14","slug":"und-schon-wieder-da","status":"publish","type":"post","link":"https:\/\/eksm.de\/blog\/reise\/?p=13696","title":{"rendered":"&#8230; und schon wieder da&#8230;"},"content":{"rendered":"\n<figure class=\"wp-block-image size-large\"><a href=\"http:\/\/eksm.de\/blog\/reise\/wp-content\/uploads\/2021\/08\/Karsdorf-Freyburg.jpg\"><img loading=\"lazy\" decoding=\"async\" width=\"1024\" height=\"667\" src=\"http:\/\/eksm.de\/blog\/reise\/wp-content\/uploads\/2021\/08\/Karsdorf-Freyburg-1024x667.jpg\" alt=\"\" class=\"wp-image-13439\" srcset=\"https:\/\/eksm.de\/blog\/reise\/wp-content\/uploads\/2021\/08\/Karsdorf-Freyburg-1024x667.jpg 1024w, https:\/\/eksm.de\/blog\/reise\/wp-content\/uploads\/2021\/08\/Karsdorf-Freyburg-300x195.jpg 300w, https:\/\/eksm.de\/blog\/reise\/wp-content\/uploads\/2021\/08\/Karsdorf-Freyburg-768x500.jpg 768w, https:\/\/eksm.de\/blog\/reise\/wp-content\/uploads\/2021\/08\/Karsdorf-Freyburg.jpg 1138w\" sizes=\"auto, (max-width: 1024px) 100vw, 1024px\" \/><\/a><\/figure>\n\n\n\n<p>Zwei N\u00e4chte war die Fahrt lang. Drei Tage auf der Unstrut. Bis Freyburg sind wir nicht gekommen. Die Kraft reichte nur bis Laucha, aber sch\u00f6n war es trotzdem. Morgens sind wir in Karsdorf aufgebrochen und und hatten uns Weisch\u00fctz als Ziel ausgesucht. Weil wir ja nicht mit der Bahn fahren konnten. Weisch\u00fctz hat aber keinen Ausstieg und der n\u00e4chstm\u00f6glich war uns zu weit. Daher holten uns Herr Neuh\u00f6fer und Herr Seeber in Laucha an der Schleuse ab, an der wir auch zu Mittag gegessen hatten. Die Boote wurden noch geschrubbt und verladen. Auch das restliche Gep\u00e4ck wurde versorgt. Joni und Joachim wurden verabschiedet. Hierauf ging es auf die Stra\u00dfe. Die Joni nach Jena und Joachim nach Schmalkalden. Die Kids nachhause, bis auf Christoph und Aaron. Die halfen mir beim Zur\u00fcckbringen der Boote nach Bebra, was f\u00fcr mich sehr gut war. Um 22.00 Uhr waren wir dann auch zuhause.<br>Nun noch den Blog und die Bilder und dann ist f\u00fcr mich auch Feierabend.<br>Liebe Gr\u00fc\u00dfe vom heimischen PC Anton Becker.<\/p>\n\n\n\n<p>PS: Vielleicht bis zur Schwedenfahrt n\u00e4chstes Jahr?<\/p>\n\n\n\nngg_shortcode_0_placeholder\n","protected":false},"excerpt":{"rendered":"<p>Zwei N\u00e4chte war die Fahrt lang. Drei Tage auf der Unstrut. Bis Freyburg sind wir nicht gekommen. Die Kraft reichte nur bis Laucha, aber sch\u00f6n war es trotzdem. Morgens sind wir in Karsdorf aufgebrochen und und hatten uns Weisch\u00fctz als Ziel ausgesucht. Weil wir ja nicht mit der Bahn fahren konnten. Weisch\u00fctz hat aber keinen &hellip; <a href=\"https:\/\/eksm.de\/blog\/reise\/?p=13696\" class=\"more-link\"><span class=\"screen-reader-text\">&#8230; und schon wieder da&#8230;<\/span> weiterlesen <span class=\"meta-nav\">&rarr;<\/span><\/a><\/p>\n","protected":false},"author":941,"featured_media":0,"comment_status":"open","ping_status":"closed","sticky":false,"template":"","format":"standard","meta":{"ngg_post_thumbnail":0,"footnotes":"","_links_to":"","_links_to_target":""},"categories":[1],"tags":[],"class_list":["post-13696","post","type-post","status-publish","format-standard","hentry","category-allgemein"],"_links":{"self":[{"href":"https:\/\/eksm.de\/blog\/reise\/index.php?rest_route=\/wp\/v2\/posts\/13696","targetHints":{"allow":["GET"]}}],"collection":[{"href":"https:\/\/eksm.de\/blog\/reise\/index.php?rest_route=\/wp\/v2\/posts"}],"about":[{"href":"https:\/\/eksm.de\/blog\/reise\/index.php?rest_route=\/wp\/v2\/types\/post"}],"author":[{"embeddable":true,"href":"https:\/\/eksm.de\/blog\/reise\/index.php?rest_route=\/wp\/v2\/users\/941"}],"replies":[{"embeddable":true,"href":"https:\/\/eksm.de\/blog\/reise\/index.php?rest_route=%2Fwp%2Fv2%2Fcomments&post=13696"}],"version-history":[{"count":6,"href":"https:\/\/eksm.de\/blog\/reise\/index.php?rest_route=\/wp\/v2\/posts\/13696\/revisions"}],"predecessor-version":[{"id":13772,"href":"https:\/\/eksm.de\/blog\/reise\/index.php?rest_route=\/wp\/v2\/posts\/13696\/revisions\/13772"}],"wp:attachment":[{"href":"https:\/\/eksm.de\/blog\/reise\/index.php?rest_route=%2Fwp%2Fv2%2Fmedia&parent=13696"}],"wp:term":[{"taxonomy":"category","embeddable":true,"href":"https:\/\/eksm.de\/blog\/reise\/index.php?rest_route=%2Fwp%2Fv2%2Fcategories&post=13696"},{"taxonomy":"post_tag","embeddable":true,"href":"https:\/\/eksm.de\/blog\/reise\/index.php?rest_route=%2Fwp%2Fv2%2Ftags&post=13696"}],"curies":[{"name":"wp","href":"https:\/\/api.w.org\/{rel}","templated":true}]}}