{"id":13775,"date":"2022-07-19T14:14:11","date_gmt":"2022-07-19T12:14:11","guid":{"rendered":"https:\/\/eksm.de\/blog\/reise\/?p=13775"},"modified":"2022-07-19T14:14:11","modified_gmt":"2022-07-19T12:14:11","slug":"bald-geht-es-los","status":"publish","type":"post","link":"https:\/\/eksm.de\/blog\/reise\/?p=13775","title":{"rendered":"Bald geht es los!"},"content":{"rendered":"\n<figure class=\"wp-block-image size-full\"><a href=\"https:\/\/eksm.de\/blog\/reise\/wp-content\/uploads\/2022\/07\/Schweden.jpg\"><img loading=\"lazy\" decoding=\"async\" width=\"892\" height=\"612\" src=\"https:\/\/eksm.de\/blog\/reise\/wp-content\/uploads\/2022\/07\/Schweden.jpg\" alt=\"\" class=\"wp-image-13777\" srcset=\"https:\/\/eksm.de\/blog\/reise\/wp-content\/uploads\/2022\/07\/Schweden.jpg 892w, https:\/\/eksm.de\/blog\/reise\/wp-content\/uploads\/2022\/07\/Schweden-300x206.jpg 300w, https:\/\/eksm.de\/blog\/reise\/wp-content\/uploads\/2022\/07\/Schweden-768x527.jpg 768w\" sizes=\"auto, (max-width: 892px) 100vw, 892px\" \/><\/a><\/figure>\n\n\n\n<p><em>Hej!<\/em><br>Am Sonntag um 10.30 Uhr wird der Gottesdienst zur Abfahrt gefeiert. Da sehen wir uns alle und treffen uns als Reisegruppe das erste mal. Zu n\u00e4scht geht es nach dem Gottesdienst in die Autos und wir fahren nach Norden um auf die F\u00e4hre zu kommen. Nach dem \u00dcbersetzen \u00fcber Nacht, geht es dann weiter zum Swart\u00e4lven bei H\u00e4llefors. <br>Eine Woche Kanu tags\u00fcber, Zelt des Nachts und den Rest der Freizeit dann in Bovik in einer festen Unterkunft.<\/p>\n\n\n\n<figure class=\"wp-block-image size-full is-resized\"><a href=\"http:\/\/eksm.de\/blog\/reise\/wp-content\/uploads\/2014\/07\/Idrottsgarden-1.jpg\"><img loading=\"lazy\" decoding=\"async\" src=\"http:\/\/eksm.de\/blog\/reise\/wp-content\/uploads\/2014\/07\/Idrottsgarden-1.jpg\" alt=\"\" class=\"wp-image-1632\" width=\"795\" height=\"597\" srcset=\"https:\/\/eksm.de\/blog\/reise\/wp-content\/uploads\/2014\/07\/Idrottsgarden-1.jpg 551w, https:\/\/eksm.de\/blog\/reise\/wp-content\/uploads\/2014\/07\/Idrottsgarden-1-300x225.jpg 300w\" sizes=\"auto, (max-width: 795px) 100vw, 795px\" \/><\/a><\/figure>\n\n\n\n<p><em>&#8222;Vi ses! Hej da&#8220;<\/em><\/p>\n","protected":false},"excerpt":{"rendered":"<p>Hej!Am Sonntag um 10.30 Uhr wird der Gottesdienst zur Abfahrt gefeiert. Da sehen wir uns alle und treffen uns als Reisegruppe das erste mal. Zu n\u00e4scht geht es nach dem Gottesdienst in die Autos und wir fahren nach Norden um auf die F\u00e4hre zu kommen. Nach dem \u00dcbersetzen \u00fcber Nacht, geht es dann weiter zum &hellip; <a href=\"https:\/\/eksm.de\/blog\/reise\/?p=13775\" class=\"more-link\"><span class=\"screen-reader-text\">Bald geht es los!<\/span> weiterlesen <span class=\"meta-nav\">&rarr;<\/span><\/a><\/p>\n","protected":false},"author":941,"featured_media":0,"comment_status":"open","ping_status":"closed","sticky":false,"template":"","format":"standard","meta":{"ngg_post_thumbnail":0,"footnotes":"","_links_to":"","_links_to_target":""},"categories":[1],"tags":[],"class_list":["post-13775","post","type-post","status-publish","format-standard","hentry","category-allgemein"],"_links":{"self":[{"href":"https:\/\/eksm.de\/blog\/reise\/index.php?rest_route=\/wp\/v2\/posts\/13775","targetHints":{"allow":["GET"]}}],"collection":[{"href":"https:\/\/eksm.de\/blog\/reise\/index.php?rest_route=\/wp\/v2\/posts"}],"about":[{"href":"https:\/\/eksm.de\/blog\/reise\/index.php?rest_route=\/wp\/v2\/types\/post"}],"author":[{"embeddable":true,"href":"https:\/\/eksm.de\/blog\/reise\/index.php?rest_route=\/wp\/v2\/users\/941"}],"replies":[{"embeddable":true,"href":"https:\/\/eksm.de\/blog\/reise\/index.php?rest_route=%2Fwp%2Fv2%2Fcomments&post=13775"}],"version-history":[{"count":1,"href":"https:\/\/eksm.de\/blog\/reise\/index.php?rest_route=\/wp\/v2\/posts\/13775\/revisions"}],"predecessor-version":[{"id":13779,"href":"https:\/\/eksm.de\/blog\/reise\/index.php?rest_route=\/wp\/v2\/posts\/13775\/revisions\/13779"}],"wp:attachment":[{"href":"https:\/\/eksm.de\/blog\/reise\/index.php?rest_route=%2Fwp%2Fv2%2Fmedia&parent=13775"}],"wp:term":[{"taxonomy":"category","embeddable":true,"href":"https:\/\/eksm.de\/blog\/reise\/index.php?rest_route=%2Fwp%2Fv2%2Fcategories&post=13775"},{"taxonomy":"post_tag","embeddable":true,"href":"https:\/\/eksm.de\/blog\/reise\/index.php?rest_route=%2Fwp%2Fv2%2Ftags&post=13775"}],"curies":[{"name":"wp","href":"https:\/\/api.w.org\/{rel}","templated":true}]}}