{"id":13804,"date":"2022-07-26T00:10:59","date_gmt":"2022-07-25T22:10:59","guid":{"rendered":"https:\/\/eksm.de\/blog\/reise\/?p=13804"},"modified":"2022-07-26T06:57:58","modified_gmt":"2022-07-26T04:57:58","slug":"und-er-zweite-reisetag","status":"publish","type":"post","link":"https:\/\/eksm.de\/blog\/reise\/?p=13804","title":{"rendered":"Und er zweite Reisetag"},"content":{"rendered":"\n<p>Fr\u00fch um 4.45 Uhr kam die Durchsage an Bord der F\u00e4hre: \u201eIn einer Stunde legen wir in Trelleborg an.\u201c Und gleich begann das hektische Einpacken und die Gespr\u00e4che. Der Tag begann. Und die Nacht extrem kurz. Zwei Stunden sp\u00e4ter ging es von Bord. Wir waren in Schweden. Inzwischen auch vollz\u00e4hlig, da Oskar in Rostock noch zu uns gesto\u00dfen war. Dann hie\u00df es erneut Geduld haben. Denn es standen 590 weitere Kilometer an bis zu unsrem Ziel H\u00e4llefors. Kurz hinter Malm\u00f6 gab es erst einmal Fr\u00fchst\u00fcck. Als wir an unserem Ziel angekommen waren ging es daran die Zelte aufzubauen. \u201eErwin, schlie\u00df mal das Auto auf!\u201c \u201eDas ist offen!\u201c \u201eNein!\u201c Und dann kam die Gewissheit! Der Schl\u00fcssel steckt und das Auto ist verschlossen. Seitdem ist Frank am R\u00f6deln und versucht jemanden zu organisieren, der die T\u00fcr \u00f6ffnet. Es gab bislang immer etwas, was komplex war. Ansonsten sind wir guter Dinge.<br>&#8230;letzte Meldung 00.10 Uhr: Es soll jemand kommen!<br>Update: um 00:45 war jemand da und siehe: DAS AUTO IST OFFEN!<\/p>\n\n\n\nngg_shortcode_0_placeholder\n","protected":false},"excerpt":{"rendered":"<p>Fr\u00fch um 4.45 Uhr kam die Durchsage an Bord der F\u00e4hre: \u201eIn einer Stunde legen wir in Trelleborg an.\u201c Und gleich begann das hektische Einpacken und die Gespr\u00e4che. Der Tag begann. Und die Nacht extrem kurz. Zwei Stunden sp\u00e4ter ging es von Bord. Wir waren in Schweden. Inzwischen auch vollz\u00e4hlig, da Oskar in Rostock noch &hellip; <a href=\"https:\/\/eksm.de\/blog\/reise\/?p=13804\" class=\"more-link\"><span class=\"screen-reader-text\">Und er zweite Reisetag<\/span> weiterlesen <span class=\"meta-nav\">&rarr;<\/span><\/a><\/p>\n","protected":false},"author":941,"featured_media":0,"comment_status":"open","ping_status":"closed","sticky":false,"template":"","format":"standard","meta":{"ngg_post_thumbnail":0,"footnotes":"","_links_to":"","_links_to_target":""},"categories":[1],"tags":[],"class_list":["post-13804","post","type-post","status-publish","format-standard","hentry","category-allgemein"],"_links":{"self":[{"href":"https:\/\/eksm.de\/blog\/reise\/index.php?rest_route=\/wp\/v2\/posts\/13804","targetHints":{"allow":["GET"]}}],"collection":[{"href":"https:\/\/eksm.de\/blog\/reise\/index.php?rest_route=\/wp\/v2\/posts"}],"about":[{"href":"https:\/\/eksm.de\/blog\/reise\/index.php?rest_route=\/wp\/v2\/types\/post"}],"author":[{"embeddable":true,"href":"https:\/\/eksm.de\/blog\/reise\/index.php?rest_route=\/wp\/v2\/users\/941"}],"replies":[{"embeddable":true,"href":"https:\/\/eksm.de\/blog\/reise\/index.php?rest_route=%2Fwp%2Fv2%2Fcomments&post=13804"}],"version-history":[{"count":4,"href":"https:\/\/eksm.de\/blog\/reise\/index.php?rest_route=\/wp\/v2\/posts\/13804\/revisions"}],"predecessor-version":[{"id":13830,"href":"https:\/\/eksm.de\/blog\/reise\/index.php?rest_route=\/wp\/v2\/posts\/13804\/revisions\/13830"}],"wp:attachment":[{"href":"https:\/\/eksm.de\/blog\/reise\/index.php?rest_route=%2Fwp%2Fv2%2Fmedia&parent=13804"}],"wp:term":[{"taxonomy":"category","embeddable":true,"href":"https:\/\/eksm.de\/blog\/reise\/index.php?rest_route=%2Fwp%2Fv2%2Fcategories&post=13804"},{"taxonomy":"post_tag","embeddable":true,"href":"https:\/\/eksm.de\/blog\/reise\/index.php?rest_route=%2Fwp%2Fv2%2Ftags&post=13804"}],"curies":[{"name":"wp","href":"https:\/\/api.w.org\/{rel}","templated":true}]}}