{"id":13997,"date":"2022-07-28T23:00:56","date_gmt":"2022-07-28T21:00:56","guid":{"rendered":"https:\/\/eksm.de\/blog\/reise\/?p=13997"},"modified":"2022-07-28T23:07:35","modified_gmt":"2022-07-28T21:07:35","slug":"pausenbeschaeftigung","status":"publish","type":"post","link":"https:\/\/eksm.de\/blog\/reise\/?p=13997","title":{"rendered":"Pausenbesch\u00e4ftigung"},"content":{"rendered":"\n<p>Nach den Anstrengungen des vergangenen Tages wurden alle erst sp\u00e4ter munter. Es war ja klar, dass wir auf diesem Platz zwei N\u00e4chte bleiben. Also nutzten wir die Zeit zum Ausschlafen und holten die bislang nicht durchgef\u00fchrte Namensrunde nach. Nach einem ausf\u00fchrlichen Fr\u00fchst\u00fcck ging ein Teil der Gruppe auf den See um zu Paddeln und \/ oder zu Angeln. Ein anderer Teil blieb im Lager und spaltete z.B. Holz f\u00fcr das Feuer. Zum Abend hin wurde wieder gekocht und zwar zauberte Frank ein leckeres Couscous mit Wurstgulasch. \u00c4pfel gab es zum Nachtisch. Morgenwird es dann wieder aufs Wasser gehen, auf dem ein paar Anglerjetzt noch sind (Petri Heil). Es ist die vorletzte Tour mit einer langen Umtrage, die dem Begriff \u201eKanuwandern\u201c einen ganz neuen Klang geben. Ein paar Leute sitzen noch am Feuer und Frank bereitet noch die \u201eBud Spencer Ged\u00e4chtnis Bohnen\u201c f\u00fcr morgen vor.<\/p>\n\n\n\n<p>Morgen wird es fr\u00fcher aus den Federn gehen, in die ich mich nun langsam zur\u00fcckziehe, auch weil es langsam recht k\u00fchl wird.<\/p>\n\n\n\nngg_shortcode_0_placeholder\n","protected":false},"excerpt":{"rendered":"<p>Nach den Anstrengungen des vergangenen Tages wurden alle erst sp\u00e4ter munter. Es war ja klar, dass wir auf diesem Platz zwei N\u00e4chte bleiben. Also nutzten wir die Zeit zum Ausschlafen und holten die bislang nicht durchgef\u00fchrte Namensrunde nach. Nach einem ausf\u00fchrlichen Fr\u00fchst\u00fcck ging ein Teil der Gruppe auf den See um zu Paddeln und \/ &hellip; <a href=\"https:\/\/eksm.de\/blog\/reise\/?p=13997\" class=\"more-link\"><span class=\"screen-reader-text\">Pausenbesch\u00e4ftigung<\/span> weiterlesen <span class=\"meta-nav\">&rarr;<\/span><\/a><\/p>\n","protected":false},"author":941,"featured_media":0,"comment_status":"open","ping_status":"closed","sticky":false,"template":"","format":"standard","meta":{"ngg_post_thumbnail":0,"footnotes":"","_links_to":"","_links_to_target":""},"categories":[1],"tags":[],"class_list":["post-13997","post","type-post","status-publish","format-standard","hentry","category-allgemein"],"_links":{"self":[{"href":"https:\/\/eksm.de\/blog\/reise\/index.php?rest_route=\/wp\/v2\/posts\/13997","targetHints":{"allow":["GET"]}}],"collection":[{"href":"https:\/\/eksm.de\/blog\/reise\/index.php?rest_route=\/wp\/v2\/posts"}],"about":[{"href":"https:\/\/eksm.de\/blog\/reise\/index.php?rest_route=\/wp\/v2\/types\/post"}],"author":[{"embeddable":true,"href":"https:\/\/eksm.de\/blog\/reise\/index.php?rest_route=\/wp\/v2\/users\/941"}],"replies":[{"embeddable":true,"href":"https:\/\/eksm.de\/blog\/reise\/index.php?rest_route=%2Fwp%2Fv2%2Fcomments&post=13997"}],"version-history":[{"count":2,"href":"https:\/\/eksm.de\/blog\/reise\/index.php?rest_route=\/wp\/v2\/posts\/13997\/revisions"}],"predecessor-version":[{"id":14040,"href":"https:\/\/eksm.de\/blog\/reise\/index.php?rest_route=\/wp\/v2\/posts\/13997\/revisions\/14040"}],"wp:attachment":[{"href":"https:\/\/eksm.de\/blog\/reise\/index.php?rest_route=%2Fwp%2Fv2%2Fmedia&parent=13997"}],"wp:term":[{"taxonomy":"category","embeddable":true,"href":"https:\/\/eksm.de\/blog\/reise\/index.php?rest_route=%2Fwp%2Fv2%2Fcategories&post=13997"},{"taxonomy":"post_tag","embeddable":true,"href":"https:\/\/eksm.de\/blog\/reise\/index.php?rest_route=%2Fwp%2Fv2%2Ftags&post=13997"}],"curies":[{"name":"wp","href":"https:\/\/api.w.org\/{rel}","templated":true}]}}