{"id":14572,"date":"2022-08-03T00:14:21","date_gmt":"2022-08-02T22:14:21","guid":{"rendered":"https:\/\/eksm.de\/blog\/reise\/?p=14572"},"modified":"2022-08-03T00:14:21","modified_gmt":"2022-08-02T22:14:21","slug":"an-der-haustuer-zwischen-nord-und-ostsee","status":"publish","type":"post","link":"https:\/\/eksm.de\/blog\/reise\/?p=14572","title":{"rendered":"An der Haust\u00fcr zwischen Nord- und Ostsee"},"content":{"rendered":"\n<p>Diesmal klappte das Aufstehen hervorragend. Um 9.00 Uhr sind die Kids am Fr\u00fchst\u00fcckstisch gesessen. Der Tischdienst hatte eine halbe Stunde fr\u00fcher angefangen und alles parat gestellt. Dann ging es los zu den Sch\u00e4ren, an die Grenze zwischen Skagerrak und Kattegat. \u201eWas wir wandern?\u201c Nun es waren nur ein paar Schritte. Und es hat dann doch Spa\u00df gemacht. Frank haben wir geschont und zuhause gelassen. Er hat dann das Essen erlegt. Da er den Fisch nicht fangen konnte, hat er den Lachs gekauft. Wir haben auf dem R\u00fcckweg noch ein Konsumstopp eingelegt. Cola und S\u00fc\u00dfkram wurden gekauft und haben daraufhin einen gewohnten Tagesbedarf beim Abendessen an den Tag gelegt. Gekocht hatte Erwin mit dem Kochteam. Lachs mit Spinat-Sahne-So\u00dfe und Nudeln. Der Kirchsaal wurde zur Tanzbar, Yogazentrum und Kino. Einige waren dann noch Schwimmen. Ein Nudelmitternachtssnack rundete den Tag ab. Nun geht es f\u00fcr mich ins Bett. Morgen machen wir noch einen Ausflug und dann geht es ans Aufr\u00e4umen.<\/p>\n\n\n\nngg_shortcode_0_placeholder\n","protected":false},"excerpt":{"rendered":"<p>Diesmal klappte das Aufstehen hervorragend. Um 9.00 Uhr sind die Kids am Fr\u00fchst\u00fcckstisch gesessen. Der Tischdienst hatte eine halbe Stunde fr\u00fcher angefangen und alles parat gestellt. Dann ging es los zu den Sch\u00e4ren, an die Grenze zwischen Skagerrak und Kattegat. \u201eWas wir wandern?\u201c Nun es waren nur ein paar Schritte. Und es hat dann doch &hellip; <a href=\"https:\/\/eksm.de\/blog\/reise\/?p=14572\" class=\"more-link\"><span class=\"screen-reader-text\">An der Haust\u00fcr zwischen Nord- und Ostsee<\/span> weiterlesen <span class=\"meta-nav\">&rarr;<\/span><\/a><\/p>\n","protected":false},"author":941,"featured_media":0,"comment_status":"open","ping_status":"closed","sticky":false,"template":"","format":"standard","meta":{"ngg_post_thumbnail":0,"footnotes":"","_links_to":"","_links_to_target":""},"categories":[1],"tags":[],"class_list":["post-14572","post","type-post","status-publish","format-standard","hentry","category-allgemein"],"_links":{"self":[{"href":"https:\/\/eksm.de\/blog\/reise\/index.php?rest_route=\/wp\/v2\/posts\/14572","targetHints":{"allow":["GET"]}}],"collection":[{"href":"https:\/\/eksm.de\/blog\/reise\/index.php?rest_route=\/wp\/v2\/posts"}],"about":[{"href":"https:\/\/eksm.de\/blog\/reise\/index.php?rest_route=\/wp\/v2\/types\/post"}],"author":[{"embeddable":true,"href":"https:\/\/eksm.de\/blog\/reise\/index.php?rest_route=\/wp\/v2\/users\/941"}],"replies":[{"embeddable":true,"href":"https:\/\/eksm.de\/blog\/reise\/index.php?rest_route=%2Fwp%2Fv2%2Fcomments&post=14572"}],"version-history":[{"count":1,"href":"https:\/\/eksm.de\/blog\/reise\/index.php?rest_route=\/wp\/v2\/posts\/14572\/revisions"}],"predecessor-version":[{"id":14573,"href":"https:\/\/eksm.de\/blog\/reise\/index.php?rest_route=\/wp\/v2\/posts\/14572\/revisions\/14573"}],"wp:attachment":[{"href":"https:\/\/eksm.de\/blog\/reise\/index.php?rest_route=%2Fwp%2Fv2%2Fmedia&parent=14572"}],"wp:term":[{"taxonomy":"category","embeddable":true,"href":"https:\/\/eksm.de\/blog\/reise\/index.php?rest_route=%2Fwp%2Fv2%2Fcategories&post=14572"},{"taxonomy":"post_tag","embeddable":true,"href":"https:\/\/eksm.de\/blog\/reise\/index.php?rest_route=%2Fwp%2Fv2%2Ftags&post=14572"}],"curies":[{"name":"wp","href":"https:\/\/api.w.org\/{rel}","templated":true}]}}