{"id":14750,"date":"2023-07-12T00:04:44","date_gmt":"2023-07-11T22:04:44","guid":{"rendered":"https:\/\/eksm.de\/blog\/reise\/?p=14750"},"modified":"2023-07-12T00:09:01","modified_gmt":"2023-07-11T22:09:01","slug":"auf-der-ardeche","status":"publish","type":"post","link":"https:\/\/eksm.de\/blog\/reise\/?p=14750","title":{"rendered":"Auf der Ard\u00e8che"},"content":{"rendered":"\n<p>Heute Morgen war es ein friedlicher Anblick. Ruhe lag \u00fcber dem Campingplatz. Dann waren die ersten unterwegs und das Leben begann. F\u00fcr ein reichhaltiges Fr\u00fchst\u00fcck war gesorgt und die Baguettes wurden gemeinsam mit leckerem Brie geliefert, Frank und Steffi waren unterwegs gewesen. Danach wurde es etwas hektisch. Der Bus, der uns abholen sollte, war da. Schnell wurde noch Sonnencreme aufgetragen, denn heute sollten wir unseren Tag auf der Ard\u00e8che verbringen. Dabei hat der ein oder die andere zu wenig Schutz aufgetragen, was sich am Abend in roter Haut zeigte.<\/p>\n\n\n\n<p>Endlich auf dem Wasser wurde mit den Paddeln gek\u00e4mpft und auch gewonnen. Die erste Rutsche nahte. Das Wehr wurde mit dieser \u00fcberwunden. Drei weitere gab es noch auf dem Weg. Es wurden immer Pausen eingelegt, wenn sich die Gelegenheit bot in das k\u00fchle Nass zu springen.<\/p>\n\n\n\n<p>Da unser Campingplatz direkt an der Ard\u00e8che liegt, konnten wir eine Pause dort machen, wo wir mit Wassermelonen erwartet wurden. Auch Wasser wurde gefasst. Dann ging es weiter auf dem Fluss, der von da an nicht mehr reguliert und damit mit Stromschnellen versetz ist, die manch einen unbeabsichtigt ins Nass bef\u00f6rderte. Auch hier wurde von manchen nahezu kein Fels ausgelassen, um ins Wasser zu springen. Damit haben wir nat\u00fcrlich das Ziel 16.00 Uhr am Ende der Tour zu sein gerissen. Der Pont D\u2019Arc war doch dann zu verlockend, um durchzufahren.<\/p>\n\n\n\n<p>Zuhause angekommen wurden die Hautr\u00f6tungen verglichen und behandelt. Und ein Teil machte sich auf den Weg einen Supermarch\u00e9 zu finden. Eine Busbesatzung hatte die Aufgabe das Chili con und sine Crane zu produzieren. Als der Reis dazu fertig war gab es Essen. Bis dahin hatten die anderen frei, was zum Teil zum Badespa\u00df genutzt wurde. Nach dem Essen waren noch einige wieder Richtung Ortschaft unterwegs.<\/p>\n\n\n\n<p>Da der Bus noch kaputt ist, werden wir den morgigen Tag noch einmal hierbleiben. Was wir da machen? \u2026 wir werden sehen.<\/p>\n\n\n\nngg_shortcode_0_placeholder\n","protected":false},"excerpt":{"rendered":"<p>Heute Morgen war es ein friedlicher Anblick. Ruhe lag \u00fcber dem Campingplatz. Dann waren die ersten unterwegs und das Leben begann. F\u00fcr ein reichhaltiges Fr\u00fchst\u00fcck war gesorgt und die Baguettes wurden gemeinsam mit leckerem Brie geliefert, Frank und Steffi waren unterwegs gewesen. Danach wurde es etwas hektisch. Der Bus, der uns abholen sollte, war da. &hellip; <a href=\"https:\/\/eksm.de\/blog\/reise\/?p=14750\" class=\"more-link\"><span class=\"screen-reader-text\">Auf der Ard\u00e8che<\/span> weiterlesen <span class=\"meta-nav\">&rarr;<\/span><\/a><\/p>\n","protected":false},"author":941,"featured_media":0,"comment_status":"open","ping_status":"closed","sticky":false,"template":"","format":"standard","meta":{"ngg_post_thumbnail":0,"footnotes":"","_links_to":"","_links_to_target":""},"categories":[1],"tags":[],"class_list":["post-14750","post","type-post","status-publish","format-standard","hentry","category-allgemein"],"_links":{"self":[{"href":"https:\/\/eksm.de\/blog\/reise\/index.php?rest_route=\/wp\/v2\/posts\/14750","targetHints":{"allow":["GET"]}}],"collection":[{"href":"https:\/\/eksm.de\/blog\/reise\/index.php?rest_route=\/wp\/v2\/posts"}],"about":[{"href":"https:\/\/eksm.de\/blog\/reise\/index.php?rest_route=\/wp\/v2\/types\/post"}],"author":[{"embeddable":true,"href":"https:\/\/eksm.de\/blog\/reise\/index.php?rest_route=\/wp\/v2\/users\/941"}],"replies":[{"embeddable":true,"href":"https:\/\/eksm.de\/blog\/reise\/index.php?rest_route=%2Fwp%2Fv2%2Fcomments&post=14750"}],"version-history":[{"count":2,"href":"https:\/\/eksm.de\/blog\/reise\/index.php?rest_route=\/wp\/v2\/posts\/14750\/revisions"}],"predecessor-version":[{"id":14890,"href":"https:\/\/eksm.de\/blog\/reise\/index.php?rest_route=\/wp\/v2\/posts\/14750\/revisions\/14890"}],"wp:attachment":[{"href":"https:\/\/eksm.de\/blog\/reise\/index.php?rest_route=%2Fwp%2Fv2%2Fmedia&parent=14750"}],"wp:term":[{"taxonomy":"category","embeddable":true,"href":"https:\/\/eksm.de\/blog\/reise\/index.php?rest_route=%2Fwp%2Fv2%2Fcategories&post=14750"},{"taxonomy":"post_tag","embeddable":true,"href":"https:\/\/eksm.de\/blog\/reise\/index.php?rest_route=%2Fwp%2Fv2%2Ftags&post=14750"}],"curies":[{"name":"wp","href":"https:\/\/api.w.org\/{rel}","templated":true}]}}