{"id":14973,"date":"2023-07-13T23:18:28","date_gmt":"2023-07-13T21:18:28","guid":{"rendered":"https:\/\/eksm.de\/blog\/reise\/?p=14973"},"modified":"2023-07-13T23:18:28","modified_gmt":"2023-07-13T21:18:28","slug":"villeneuve-les-avignon","status":"publish","type":"post","link":"https:\/\/eksm.de\/blog\/reise\/?p=14973","title":{"rendered":"Villeneuve-les-Avignon"},"content":{"rendered":"\n<p>Eine m\u00fcde Truppe war es beim Abbau und bei der Fahrt Richtung Avignon. Das lag wohl daran, dass man den ein oder die andere Nachts noch sp\u00e4t au\u00dferhalb der Zelte angetroffen hat. Das R\u00e4umen des Platzes ging aber dennoch recht gut, wie auch das Verladen der Sachen in die Autos. Dann ging es die bezaubernde Strecke entlang der Ard\u00e8che. Noch einmal einen Blick auf den Pont d\u2019Arc. Beim Belvedere war allerdings die M\u00fcdigkeit wieder zu sp\u00fcren. Ich denke, die Meisten werden auf der weiteren Fahrt ihre Schlafdepots aufgef\u00fcllt haben.<\/p>\n\n\n\n<p>Bei der Ankunft auf dem Zeltplatz wurden die Zelte und die Feldk\u00fcche aufgebaut und die H\u00e4ngematten befestigt. Der Platzwart gab sich auch gro\u00dfe M\u00fche f\u00fcr uns zu sorgen.<\/p>\n\n\n\n<p>Ein Abstecher ins Schwimmbad war vor dem Abendessen noch drin. Auch die Badehosenbesonderheit wurde bestaunt. Zum Abendessen machte uns Couscous mit Tomatencurry satt.<\/p>\n\n\n\n<p>Danach gab es noch einen kurzen Gang in Richtung Dorf. Denn um 22.00 Uhr wird der Zeltplatz geschlossen und man kommt nur noch mit Schl\u00fcssel oder mit Hilfe von Innen hinein.<\/p>\n\n\n\n<p>So geht es heute fr\u00fcher in die Zelte, damit wir f\u00fcr den Morgigen Nationalfeiertag gut ger\u00fcstet sind.<\/p>\n\n\n\nngg_shortcode_0_placeholder\n","protected":false},"excerpt":{"rendered":"<p>Eine m\u00fcde Truppe war es beim Abbau und bei der Fahrt Richtung Avignon. Das lag wohl daran, dass man den ein oder die andere Nachts noch sp\u00e4t au\u00dferhalb der Zelte angetroffen hat. Das R\u00e4umen des Platzes ging aber dennoch recht gut, wie auch das Verladen der Sachen in die Autos. Dann ging es die bezaubernde &hellip; <a href=\"https:\/\/eksm.de\/blog\/reise\/?p=14973\" class=\"more-link\"><span class=\"screen-reader-text\">Villeneuve-les-Avignon<\/span> weiterlesen <span class=\"meta-nav\">&rarr;<\/span><\/a><\/p>\n","protected":false},"author":941,"featured_media":0,"comment_status":"open","ping_status":"closed","sticky":false,"template":"","format":"standard","meta":{"ngg_post_thumbnail":0,"footnotes":"","_links_to":"","_links_to_target":""},"categories":[1],"tags":[],"class_list":["post-14973","post","type-post","status-publish","format-standard","hentry","category-allgemein"],"_links":{"self":[{"href":"https:\/\/eksm.de\/blog\/reise\/index.php?rest_route=\/wp\/v2\/posts\/14973","targetHints":{"allow":["GET"]}}],"collection":[{"href":"https:\/\/eksm.de\/blog\/reise\/index.php?rest_route=\/wp\/v2\/posts"}],"about":[{"href":"https:\/\/eksm.de\/blog\/reise\/index.php?rest_route=\/wp\/v2\/types\/post"}],"author":[{"embeddable":true,"href":"https:\/\/eksm.de\/blog\/reise\/index.php?rest_route=\/wp\/v2\/users\/941"}],"replies":[{"embeddable":true,"href":"https:\/\/eksm.de\/blog\/reise\/index.php?rest_route=%2Fwp%2Fv2%2Fcomments&post=14973"}],"version-history":[{"count":1,"href":"https:\/\/eksm.de\/blog\/reise\/index.php?rest_route=\/wp\/v2\/posts\/14973\/revisions"}],"predecessor-version":[{"id":14974,"href":"https:\/\/eksm.de\/blog\/reise\/index.php?rest_route=\/wp\/v2\/posts\/14973\/revisions\/14974"}],"wp:attachment":[{"href":"https:\/\/eksm.de\/blog\/reise\/index.php?rest_route=%2Fwp%2Fv2%2Fmedia&parent=14973"}],"wp:term":[{"taxonomy":"category","embeddable":true,"href":"https:\/\/eksm.de\/blog\/reise\/index.php?rest_route=%2Fwp%2Fv2%2Fcategories&post=14973"},{"taxonomy":"post_tag","embeddable":true,"href":"https:\/\/eksm.de\/blog\/reise\/index.php?rest_route=%2Fwp%2Fv2%2Ftags&post=14973"}],"curies":[{"name":"wp","href":"https:\/\/api.w.org\/{rel}","templated":true}]}}