{"id":14975,"date":"2023-07-15T00:53:47","date_gmt":"2023-07-14T22:53:47","guid":{"rendered":"https:\/\/eksm.de\/blog\/reise\/?p=14975"},"modified":"2023-07-15T10:48:58","modified_gmt":"2023-07-15T08:48:58","slug":"shopping","status":"publish","type":"post","link":"https:\/\/eksm.de\/blog\/reise\/?p=14975","title":{"rendered":"Shopping&#8230;"},"content":{"rendered":"\n<p>&#8230;am franz\u00f6sischen Nationalfeiertag ist das m\u00f6glich. Wir sind also nach dem Fr\u00fchst\u00fcck losgefahren und haben uns ins Einkaufsreich begeben. Wenn morgen die Bilder nachgeliefert werden, kann man das besser ermessen, was das hei\u00dft. Zun\u00e4chst wurde das Decathlon angefahren. Nach eineinhalb Stunden ging es weiter ins Auchan. Ein Tretroller w\u00e4re da manchmal angebracht, um alles zu erreichen. Doch als wir um 15.00 Uhr die Heiligen Hallen des Konsums verlassen wollten, gab es eine Gruppe von acht jungen Frauen, die noch das ein oder andere Gesch\u00e4ft betrachten wollten. So gab es eine Verl\u00e4ngerung auf 16.15 Uhr f\u00fcr einen Bus. Die anderen vier Fahrzeuge fuhren zur\u00fcck. P\u00fcnktlich folgte der letzte Bus mit den gl\u00fccklichen jungen Frauen und deren Beute. Auf dem Zeltplatz wurde bereits der Schmortopf Ventoux vorbereitet und f\u00fcr die Vegetarierinnen der Couscous Salat.<\/p>\n\n\n\n<p>Der Schmortopf wurde beim Essen nahezu leer und die acht Kilo Gnocchi verschwanden ganz, aber auch der Salat wurde gelobt und einiges gegessen. <\/p>\n\n\n\n<p>Nachdem die K\u00fcche in Ordnung gebracht worden war, ging es los auf die Burg von Villeneuve. Zun\u00e4chst etwas m\u00fchsam hat es dann nach einer Ansage von Ren\u00e9 gepasst. Der Gro\u00dfteil der Truppe ging noch auf das Livekonzert im Ort, wo miteinander und auch mit Franz\u00f6sinnen und Franzosen getanzt wurde. Bis es gegen 0.00 Uhr zu Frank zur\u00fcck ging. Es war eine gelungene Begegnung mit der franz\u00f6sischen Art ihren Nationaltag zu feiern.<\/p>\n\n\n\n<p>Die Bilder werden morgen nachgereicht, weil das Aussuchen und Bearbeiten doch etwas Zeit beansprucht, die dann am Schlaf fehlen. Und der morgige Tag wird wieder etwas Nuees bereithalten.<\/p>\n\n\n\nngg_shortcode_0_placeholder\n","protected":false},"excerpt":{"rendered":"<p>&#8230;am franz\u00f6sischen Nationalfeiertag ist das m\u00f6glich. Wir sind also nach dem Fr\u00fchst\u00fcck losgefahren und haben uns ins Einkaufsreich begeben. Wenn morgen die Bilder nachgeliefert werden, kann man das besser ermessen, was das hei\u00dft. Zun\u00e4chst wurde das Decathlon angefahren. Nach eineinhalb Stunden ging es weiter ins Auchan. Ein Tretroller w\u00e4re da manchmal angebracht, um alles zu &hellip; <a href=\"https:\/\/eksm.de\/blog\/reise\/?p=14975\" class=\"more-link\"><span class=\"screen-reader-text\">Shopping&#8230;<\/span> weiterlesen <span class=\"meta-nav\">&rarr;<\/span><\/a><\/p>\n","protected":false},"author":941,"featured_media":0,"comment_status":"open","ping_status":"closed","sticky":false,"template":"","format":"standard","meta":{"ngg_post_thumbnail":0,"footnotes":"","_links_to":"","_links_to_target":""},"categories":[1],"tags":[],"class_list":["post-14975","post","type-post","status-publish","format-standard","hentry","category-allgemein"],"_links":{"self":[{"href":"https:\/\/eksm.de\/blog\/reise\/index.php?rest_route=\/wp\/v2\/posts\/14975","targetHints":{"allow":["GET"]}}],"collection":[{"href":"https:\/\/eksm.de\/blog\/reise\/index.php?rest_route=\/wp\/v2\/posts"}],"about":[{"href":"https:\/\/eksm.de\/blog\/reise\/index.php?rest_route=\/wp\/v2\/types\/post"}],"author":[{"embeddable":true,"href":"https:\/\/eksm.de\/blog\/reise\/index.php?rest_route=\/wp\/v2\/users\/941"}],"replies":[{"embeddable":true,"href":"https:\/\/eksm.de\/blog\/reise\/index.php?rest_route=%2Fwp%2Fv2%2Fcomments&post=14975"}],"version-history":[{"count":3,"href":"https:\/\/eksm.de\/blog\/reise\/index.php?rest_route=\/wp\/v2\/posts\/14975\/revisions"}],"predecessor-version":[{"id":15058,"href":"https:\/\/eksm.de\/blog\/reise\/index.php?rest_route=\/wp\/v2\/posts\/14975\/revisions\/15058"}],"wp:attachment":[{"href":"https:\/\/eksm.de\/blog\/reise\/index.php?rest_route=%2Fwp%2Fv2%2Fmedia&parent=14975"}],"wp:term":[{"taxonomy":"category","embeddable":true,"href":"https:\/\/eksm.de\/blog\/reise\/index.php?rest_route=%2Fwp%2Fv2%2Fcategories&post=14975"},{"taxonomy":"post_tag","embeddable":true,"href":"https:\/\/eksm.de\/blog\/reise\/index.php?rest_route=%2Fwp%2Fv2%2Ftags&post=14975"}],"curies":[{"name":"wp","href":"https:\/\/api.w.org\/{rel}","templated":true}]}}