{"id":15289,"date":"2023-07-18T23:55:01","date_gmt":"2023-07-18T21:55:01","guid":{"rendered":"https:\/\/eksm.de\/blog\/reise\/?p=15289"},"modified":"2023-07-18T23:55:01","modified_gmt":"2023-07-18T21:55:01","slug":"das-mittelmeer","status":"publish","type":"post","link":"https:\/\/eksm.de\/blog\/reise\/?p=15289","title":{"rendered":"Das Mittelmeer"},"content":{"rendered":"\n<p>Saintes-Marie-de-la-Mer so war der Name, des Ortes wo uns das Mittelmeer erwartete. Am fr\u00fchen Morgen soll allerdings der Bericht starten. Ich h\u00f6rte ein Scharren und Rumpeln. Da ich von Waschb\u00e4ren geh\u00f6rt hatte, die sich des Nachts herumtreiben sollen, lugte ich aus dem Zelt heraus. Es war ein recht gro\u00dfer Waschb\u00e4r. Frank hatte etwas von Gewitter in der Wetter App gefunden und r\u00e4umte die Sachen, welche kein Wasser vertragen auf die Seite. Nach einer kurzen Zeit des Wirkens, setzte ich meinen Schlaf fort. Das Gewitter kam dann \u00fcbrigens doch nicht.<\/p>\n\n\n\n<p>Aber das Fr\u00fchst\u00fcck kam. Wir machten uns danach in zwei Gruppen los. Eines der Autos brauchte Diesel. Auf dem Weg vereinigten wir uns wieder. In Saintes Marie angekommen, wurde das Mittelmeer mit den Worten begr\u00fc\u00dft: \u201eDas n\u00e4chste Land in Afrika, da schwimmen wir jetzt r\u00fcber.\u201c Den Spa\u00df k\u00f6nnen Sie aus den Bildern ersehen.<\/p>\n\n\n\n<p>Die R\u00fcckfahrt wurde wieder getrennt \u00fcberwunden. Frank und sein Bus besorgten die Zutaten f\u00fcr das Gericht, das Ren\u00e9 und Johanns Busmannschaft dann kochten. Ein M\u00f6hren-Kartoffel-Sahne-Wein Topf.<\/p>\n\n\n\n<p>Danach wurden noch das Dorf und der Fu\u00dfballplatz unsicher gemacht und sich mehr oder weniger tiefgr\u00fcndig unterhalten.<\/p>\n\n\n\n<p>Morgen geht es in die Lavendelfelder.<\/p>\n\n\n\nngg_shortcode_0_placeholder\n","protected":false},"excerpt":{"rendered":"<p>Saintes-Marie-de-la-Mer so war der Name, des Ortes wo uns das Mittelmeer erwartete. Am fr\u00fchen Morgen soll allerdings der Bericht starten. Ich h\u00f6rte ein Scharren und Rumpeln. Da ich von Waschb\u00e4ren geh\u00f6rt hatte, die sich des Nachts herumtreiben sollen, lugte ich aus dem Zelt heraus. Es war ein recht gro\u00dfer Waschb\u00e4r. Frank hatte etwas von Gewitter &hellip; <a href=\"https:\/\/eksm.de\/blog\/reise\/?p=15289\" class=\"more-link\"><span class=\"screen-reader-text\">Das Mittelmeer<\/span> weiterlesen <span class=\"meta-nav\">&rarr;<\/span><\/a><\/p>\n","protected":false},"author":941,"featured_media":0,"comment_status":"open","ping_status":"closed","sticky":false,"template":"","format":"standard","meta":{"ngg_post_thumbnail":0,"footnotes":"","_links_to":"","_links_to_target":""},"categories":[1],"tags":[],"class_list":["post-15289","post","type-post","status-publish","format-standard","hentry","category-allgemein"],"_links":{"self":[{"href":"https:\/\/eksm.de\/blog\/reise\/index.php?rest_route=\/wp\/v2\/posts\/15289","targetHints":{"allow":["GET"]}}],"collection":[{"href":"https:\/\/eksm.de\/blog\/reise\/index.php?rest_route=\/wp\/v2\/posts"}],"about":[{"href":"https:\/\/eksm.de\/blog\/reise\/index.php?rest_route=\/wp\/v2\/types\/post"}],"author":[{"embeddable":true,"href":"https:\/\/eksm.de\/blog\/reise\/index.php?rest_route=\/wp\/v2\/users\/941"}],"replies":[{"embeddable":true,"href":"https:\/\/eksm.de\/blog\/reise\/index.php?rest_route=%2Fwp%2Fv2%2Fcomments&post=15289"}],"version-history":[{"count":1,"href":"https:\/\/eksm.de\/blog\/reise\/index.php?rest_route=\/wp\/v2\/posts\/15289\/revisions"}],"predecessor-version":[{"id":15290,"href":"https:\/\/eksm.de\/blog\/reise\/index.php?rest_route=\/wp\/v2\/posts\/15289\/revisions\/15290"}],"wp:attachment":[{"href":"https:\/\/eksm.de\/blog\/reise\/index.php?rest_route=%2Fwp%2Fv2%2Fmedia&parent=15289"}],"wp:term":[{"taxonomy":"category","embeddable":true,"href":"https:\/\/eksm.de\/blog\/reise\/index.php?rest_route=%2Fwp%2Fv2%2Fcategories&post=15289"},{"taxonomy":"post_tag","embeddable":true,"href":"https:\/\/eksm.de\/blog\/reise\/index.php?rest_route=%2Fwp%2Fv2%2Ftags&post=15289"}],"curies":[{"name":"wp","href":"https:\/\/api.w.org\/{rel}","templated":true}]}}