{"id":15291,"date":"2023-07-19T23:40:25","date_gmt":"2023-07-19T21:40:25","guid":{"rendered":"https:\/\/eksm.de\/blog\/reise\/?p=15291"},"modified":"2023-07-19T23:40:25","modified_gmt":"2023-07-19T21:40:25","slug":"lavendel-und-haut-provence","status":"publish","type":"post","link":"https:\/\/eksm.de\/blog\/reise\/?p=15291","title":{"rendered":"Lavendel und H\u00e2ut Provence"},"content":{"rendered":"\n<p>Heute Nacht war dann in der Nachbarschaft ein Gewitter. Und gegen sechs gab es ein paar Tropfen. Aber dabei blieb es auch. Die Aufr\u00e4umaktion war also auch heute unn\u00f6tig gewesen. Um halb acht kam dann langsam Leben auf. Fr\u00fchst\u00fcck wie \u00fcblich. <\/p>\n\n\n\n<p>Danach ging es in die Autos und wir fuhren Richtung Sault. Eine wundersch\u00f6ne Strecke durch die Berge ging es. Wenn es auch nichts f\u00fcr Leute mit H\u00f6henangst war. Wir mussten leider feststellen, dass die Lavendelfelder nicht mehr so gepflegt waren wie noch vor zwei Jahren. Der Duft hing aber immer noch in der Luft. Wir hielten bei einem der Felder an, um ein paar Erinnerungsfotos zu machen. In Sault dann kamen wir gerade an, als der Markt zu Ende war. Das ein oder andere konnte aber noch erstanden werden. Auch einiges an Souvenirs wurden gekauft. Am Fu\u00dfe des Mont Ventoux entlang ging es zur\u00fcck Richtung Zeltplatz.<\/p>\n\n\n\n<p>Als Zwischenstopp wurde ein Halt am Auchan eingelegt. F\u00fcr das Abendessen musste noch eingekauft werden. Die Pilzsahneso\u00dfe mit Wickelkn\u00f6del wurde noch mit H\u00e4hnchenbrust f\u00fcr die Nichtvegetarier ver\u00e4ndert.<\/p>\n\n\n\n<p>Morgen werden wir die ersten Abreisevorbereitungen treffen und es wird vom Canyonig berichten werden. Heute ist f\u00fcr mich ein fr\u00fches zu Bett gehen angesagt.<\/p>\n\n\n\nngg_shortcode_0_placeholder\n","protected":false},"excerpt":{"rendered":"<p>Heute Nacht war dann in der Nachbarschaft ein Gewitter. Und gegen sechs gab es ein paar Tropfen. Aber dabei blieb es auch. Die Aufr\u00e4umaktion war also auch heute unn\u00f6tig gewesen. Um halb acht kam dann langsam Leben auf. Fr\u00fchst\u00fcck wie \u00fcblich. Danach ging es in die Autos und wir fuhren Richtung Sault. Eine wundersch\u00f6ne Strecke &hellip; <a href=\"https:\/\/eksm.de\/blog\/reise\/?p=15291\" class=\"more-link\"><span class=\"screen-reader-text\">Lavendel und H\u00e2ut Provence<\/span> weiterlesen <span class=\"meta-nav\">&rarr;<\/span><\/a><\/p>\n","protected":false},"author":941,"featured_media":0,"comment_status":"open","ping_status":"closed","sticky":false,"template":"","format":"standard","meta":{"ngg_post_thumbnail":0,"footnotes":"","_links_to":"","_links_to_target":""},"categories":[1],"tags":[],"class_list":["post-15291","post","type-post","status-publish","format-standard","hentry","category-allgemein"],"_links":{"self":[{"href":"https:\/\/eksm.de\/blog\/reise\/index.php?rest_route=\/wp\/v2\/posts\/15291","targetHints":{"allow":["GET"]}}],"collection":[{"href":"https:\/\/eksm.de\/blog\/reise\/index.php?rest_route=\/wp\/v2\/posts"}],"about":[{"href":"https:\/\/eksm.de\/blog\/reise\/index.php?rest_route=\/wp\/v2\/types\/post"}],"author":[{"embeddable":true,"href":"https:\/\/eksm.de\/blog\/reise\/index.php?rest_route=\/wp\/v2\/users\/941"}],"replies":[{"embeddable":true,"href":"https:\/\/eksm.de\/blog\/reise\/index.php?rest_route=%2Fwp%2Fv2%2Fcomments&post=15291"}],"version-history":[{"count":3,"href":"https:\/\/eksm.de\/blog\/reise\/index.php?rest_route=\/wp\/v2\/posts\/15291\/revisions"}],"predecessor-version":[{"id":15343,"href":"https:\/\/eksm.de\/blog\/reise\/index.php?rest_route=\/wp\/v2\/posts\/15291\/revisions\/15343"}],"wp:attachment":[{"href":"https:\/\/eksm.de\/blog\/reise\/index.php?rest_route=%2Fwp%2Fv2%2Fmedia&parent=15291"}],"wp:term":[{"taxonomy":"category","embeddable":true,"href":"https:\/\/eksm.de\/blog\/reise\/index.php?rest_route=%2Fwp%2Fv2%2Fcategories&post=15291"},{"taxonomy":"post_tag","embeddable":true,"href":"https:\/\/eksm.de\/blog\/reise\/index.php?rest_route=%2Fwp%2Fv2%2Ftags&post=15291"}],"curies":[{"name":"wp","href":"https:\/\/api.w.org\/{rel}","templated":true}]}}