{"id":15436,"date":"2023-07-22T21:24:21","date_gmt":"2023-07-22T19:24:21","guid":{"rendered":"https:\/\/eksm.de\/blog\/reise\/?p=15436"},"modified":"2023-07-22T21:24:21","modified_gmt":"2023-07-22T19:24:21","slug":"rueckreise","status":"publish","type":"post","link":"https:\/\/eksm.de\/blog\/reise\/?p=15436","title":{"rendered":"R\u00fcckreise"},"content":{"rendered":"\n<p>Heute Morgen hat vielleicht der ein oder die andere vergeblich nach einem Eintrag gesucht. Das ist einfach nur meine M\u00fcdigkeit geschuldet gewesen. Wie beim Wegfahren habe ich auf den Einzelbericht verzichtet.<\/p>\n\n\n\n<p>Aber das Aufbrechen in Avignon hat erstaunlich gut geklappt. Die Zelte waren, bis auf eines schon abgebaut, bevor wir gefr\u00fchst\u00fcckt haben. Das merkten wir bei Lyon, wo wir ohne den normalen Megastau durchkamen (zwei kleinere hatten sich erst gebildet) In Freiburg angekommen, wurden die Kids auf die Zimmer verteilt und Frank k\u00fcmmerte sich um das leibliche Wohl, wie er es auch zuvor auf der Fahrt gemacht hatte. Da gab es Bockw\u00fcrstchen, Brot und Getr\u00e4nk.<\/p>\n\n\n\n<p>Am heutigen Morgen dann ging es um 9.30 Uhr nach einem Fr\u00fchst\u00fcck, das dem f\u00fcr uns schon gewohnten nicht nachstand, au\u00dfer, dass es keine Gruppe von uns vorbereiten musste, auf die Piste. (Allerdings entfiel die Andacht.)<\/p>\n\n\n\n<p>In W\u00fcrzburg dann verlie\u00df uns Johann und Konrad sprang f\u00fcr ihn ein. So kamen wir nach \u00fcber 3300 km Gesamtstrecke alle wieder wohlbehalten in Seligenthal an. Die Busse wurden ausgeladen und grob gereinigt, so dass sie morgen zur\u00fcckgebracht werden k\u00f6nnen.<\/p>\n\n\n\n<p>Einen herzlichen Dank m\u00f6chte ich dem Team Frank, Ren\u00e9, Steffi und Johann aussprechen. Wir haben das gemeinsam ganz gut geschaukelt und was geknirscht hat auch wahrgenommen.<\/p>\n\n\n\n<p>Ich denke, ich kann sagen, es war eine gute Aktion.<\/p>\n\n\n\nngg_shortcode_0_placeholder\n","protected":false},"excerpt":{"rendered":"<p>Heute Morgen hat vielleicht der ein oder die andere vergeblich nach einem Eintrag gesucht. Das ist einfach nur meine M\u00fcdigkeit geschuldet gewesen. Wie beim Wegfahren habe ich auf den Einzelbericht verzichtet. Aber das Aufbrechen in Avignon hat erstaunlich gut geklappt. Die Zelte waren, bis auf eines schon abgebaut, bevor wir gefr\u00fchst\u00fcckt haben. Das merkten wir &hellip; <a href=\"https:\/\/eksm.de\/blog\/reise\/?p=15436\" class=\"more-link\"><span class=\"screen-reader-text\">R\u00fcckreise<\/span> weiterlesen <span class=\"meta-nav\">&rarr;<\/span><\/a><\/p>\n","protected":false},"author":941,"featured_media":0,"comment_status":"open","ping_status":"closed","sticky":false,"template":"","format":"standard","meta":{"ngg_post_thumbnail":0,"footnotes":"","_links_to":"","_links_to_target":""},"categories":[1],"tags":[],"class_list":["post-15436","post","type-post","status-publish","format-standard","hentry","category-allgemein"],"_links":{"self":[{"href":"https:\/\/eksm.de\/blog\/reise\/index.php?rest_route=\/wp\/v2\/posts\/15436","targetHints":{"allow":["GET"]}}],"collection":[{"href":"https:\/\/eksm.de\/blog\/reise\/index.php?rest_route=\/wp\/v2\/posts"}],"about":[{"href":"https:\/\/eksm.de\/blog\/reise\/index.php?rest_route=\/wp\/v2\/types\/post"}],"author":[{"embeddable":true,"href":"https:\/\/eksm.de\/blog\/reise\/index.php?rest_route=\/wp\/v2\/users\/941"}],"replies":[{"embeddable":true,"href":"https:\/\/eksm.de\/blog\/reise\/index.php?rest_route=%2Fwp%2Fv2%2Fcomments&post=15436"}],"version-history":[{"count":1,"href":"https:\/\/eksm.de\/blog\/reise\/index.php?rest_route=\/wp\/v2\/posts\/15436\/revisions"}],"predecessor-version":[{"id":15437,"href":"https:\/\/eksm.de\/blog\/reise\/index.php?rest_route=\/wp\/v2\/posts\/15436\/revisions\/15437"}],"wp:attachment":[{"href":"https:\/\/eksm.de\/blog\/reise\/index.php?rest_route=%2Fwp%2Fv2%2Fmedia&parent=15436"}],"wp:term":[{"taxonomy":"category","embeddable":true,"href":"https:\/\/eksm.de\/blog\/reise\/index.php?rest_route=%2Fwp%2Fv2%2Fcategories&post=15436"},{"taxonomy":"post_tag","embeddable":true,"href":"https:\/\/eksm.de\/blog\/reise\/index.php?rest_route=%2Fwp%2Fv2%2Ftags&post=15436"}],"curies":[{"name":"wp","href":"https:\/\/api.w.org\/{rel}","templated":true}]}}