{"id":15725,"date":"2024-06-30T23:44:34","date_gmt":"2024-06-30T21:44:34","guid":{"rendered":"https:\/\/eksm.de\/blog\/reise\/?p=15725"},"modified":"2024-06-30T23:44:34","modified_gmt":"2024-06-30T21:44:34","slug":"gewitterlage","status":"publish","type":"post","link":"https:\/\/eksm.de\/blog\/reise\/?p=15725","title":{"rendered":"Gewitterlage"},"content":{"rendered":"\n<p>Es wurde sp\u00e4t gestern. In der Nacht war dann um uns herum Gewitter. Bei unserer Unterkunft war nur ein kleiner Schauer. Trodem sind wir froh, dass wir nicht in einer Schutzh\u00fctte, sondern in der Bergwacht H\u00fctte unterkamen. Die Diensthabenden waren ungemein freundlich. Aufgebrochen wurde erst etwas sp\u00e4ter, was ein trockenes Wandern erm\u00f6glichte. Um 18.00 Uhr gab es Abendessen. Frisch gemachte Nudeln mit einer leckeren So\u00dfe. Salat und Dessert gab es ebenfalls. Frank schaute kurz bei uns vorbei, ebenso Johann. Die Zimmer waren schon bezogen und so wurde sich dort nach dem Duschen getroffen. Dann kam der kleine Hunger durch. Die Fr\u00fchst\u00fcckskiste wurde gepl\u00fcndert. Die Packung Schoko-Haferflocken wie auch die drei Liter Milch, das Pfund Quark und noch die ein oder andere Portion Honeybees hatten keine Chance. Bewegung war auch noch nicht genug an diesem Tag, daher wurde ein weinig \u201eGymnastik\u201c betrieben. Nach Inspektion des Getr\u00e4nkek\u00fchlschranks und dem Aufr\u00e4umen des Gelages ging es dann so langsam Richtung Koje. Morgen ist um 8.00 Uhr Fr\u00fchst\u00fcck angesagt. (Also runde zwei Stunden fr\u00fcher als sonst \ud83d\ude09) Nach Gruppenbeschluss geht es morgen als Ziel nach Floh ins Gemeindehaus. Dort wird der Abschluss sein und die \u00dcbernachtung. Wir wollen es uns ersparen, die jetzt trockenen Zelte noch einmal zu durchfeuchten.<\/p>\n\n\n\n<p>So schauen wir einmal, ob wir morgen wieder das Gl\u00fcck haben, trocken durch den Tag zu gelangen. F\u00fcr heute ist hier Schluss. Also wiederum w\u00fcnsche ich eine Gute Nacht!<\/p>\n\n\n\nngg_shortcode_0_placeholder\n","protected":false},"excerpt":{"rendered":"<p>Es wurde sp\u00e4t gestern. In der Nacht war dann um uns herum Gewitter. Bei unserer Unterkunft war nur ein kleiner Schauer. Trodem sind wir froh, dass wir nicht in einer Schutzh\u00fctte, sondern in der Bergwacht H\u00fctte unterkamen. Die Diensthabenden waren ungemein freundlich. Aufgebrochen wurde erst etwas sp\u00e4ter, was ein trockenes Wandern erm\u00f6glichte. Um 18.00 Uhr &hellip; <a href=\"https:\/\/eksm.de\/blog\/reise\/?p=15725\" class=\"more-link\"><span class=\"screen-reader-text\">Gewitterlage<\/span> weiterlesen <span class=\"meta-nav\">&rarr;<\/span><\/a><\/p>\n","protected":false},"author":941,"featured_media":0,"comment_status":"open","ping_status":"closed","sticky":false,"template":"","format":"standard","meta":{"ngg_post_thumbnail":0,"footnotes":"","_links_to":"","_links_to_target":""},"categories":[1],"tags":[],"class_list":["post-15725","post","type-post","status-publish","format-standard","hentry","category-allgemein"],"_links":{"self":[{"href":"https:\/\/eksm.de\/blog\/reise\/index.php?rest_route=\/wp\/v2\/posts\/15725","targetHints":{"allow":["GET"]}}],"collection":[{"href":"https:\/\/eksm.de\/blog\/reise\/index.php?rest_route=\/wp\/v2\/posts"}],"about":[{"href":"https:\/\/eksm.de\/blog\/reise\/index.php?rest_route=\/wp\/v2\/types\/post"}],"author":[{"embeddable":true,"href":"https:\/\/eksm.de\/blog\/reise\/index.php?rest_route=\/wp\/v2\/users\/941"}],"replies":[{"embeddable":true,"href":"https:\/\/eksm.de\/blog\/reise\/index.php?rest_route=%2Fwp%2Fv2%2Fcomments&post=15725"}],"version-history":[{"count":1,"href":"https:\/\/eksm.de\/blog\/reise\/index.php?rest_route=\/wp\/v2\/posts\/15725\/revisions"}],"predecessor-version":[{"id":15726,"href":"https:\/\/eksm.de\/blog\/reise\/index.php?rest_route=\/wp\/v2\/posts\/15725\/revisions\/15726"}],"wp:attachment":[{"href":"https:\/\/eksm.de\/blog\/reise\/index.php?rest_route=%2Fwp%2Fv2%2Fmedia&parent=15725"}],"wp:term":[{"taxonomy":"category","embeddable":true,"href":"https:\/\/eksm.de\/blog\/reise\/index.php?rest_route=%2Fwp%2Fv2%2Fcategories&post=15725"},{"taxonomy":"post_tag","embeddable":true,"href":"https:\/\/eksm.de\/blog\/reise\/index.php?rest_route=%2Fwp%2Fv2%2Ftags&post=15725"}],"curies":[{"name":"wp","href":"https:\/\/api.w.org\/{rel}","templated":true}]}}