{"id":15787,"date":"2025-06-26T15:50:52","date_gmt":"2025-06-26T13:50:52","guid":{"rendered":"https:\/\/eksm.de\/blog\/reise\/?p=15787"},"modified":"2025-06-26T15:50:52","modified_gmt":"2025-06-26T13:50:52","slug":"auf-neuen-wegen","status":"publish","type":"post","link":"https:\/\/eksm.de\/blog\/reise\/?p=15787","title":{"rendered":"Auf neuen Wegen"},"content":{"rendered":"\n<p>Am Sonntag geht es neue Wege. Wir fahren nach Estland. Dort besuchen wir die Gegend um Haapsalu und L\u00e4\u00e4ne Nigula. Wir wollen dort auch Jugendliche treffen und uns mit ihnen austauschen und gemeinsam Spa\u00df haben. Zun\u00e4chst geht es aber auf die Fahrt. Mit zwei Kleinbussen werden wir in zwei Tagesetappen nach L\u00e4\u00e4ne fahren. Wie es uns am ersten Tag ergangen ist, k\u00f6nnt Ihr hier lesen&#8230;.wenn ich ins Internet komme und den Bericht hochladen kann&#8230;<br>Bis dann Anton Becker<\/p>\n","protected":false},"excerpt":{"rendered":"<p>Am Sonntag geht es neue Wege. Wir fahren nach Estland. Dort besuchen wir die Gegend um Haapsalu und L\u00e4\u00e4ne Nigula. Wir wollen dort auch Jugendliche treffen und uns mit ihnen austauschen und gemeinsam Spa\u00df haben. Zun\u00e4chst geht es aber auf die Fahrt. Mit zwei Kleinbussen werden wir in zwei Tagesetappen nach L\u00e4\u00e4ne fahren. Wie es &hellip; <a href=\"https:\/\/eksm.de\/blog\/reise\/?p=15787\" class=\"more-link\"><span class=\"screen-reader-text\">Auf neuen Wegen<\/span> weiterlesen <span class=\"meta-nav\">&rarr;<\/span><\/a><\/p>\n","protected":false},"author":941,"featured_media":0,"comment_status":"open","ping_status":"closed","sticky":false,"template":"","format":"standard","meta":{"ngg_post_thumbnail":0,"footnotes":"","_links_to":"","_links_to_target":""},"categories":[1],"tags":[],"class_list":["post-15787","post","type-post","status-publish","format-standard","hentry","category-allgemein"],"_links":{"self":[{"href":"https:\/\/eksm.de\/blog\/reise\/index.php?rest_route=\/wp\/v2\/posts\/15787","targetHints":{"allow":["GET"]}}],"collection":[{"href":"https:\/\/eksm.de\/blog\/reise\/index.php?rest_route=\/wp\/v2\/posts"}],"about":[{"href":"https:\/\/eksm.de\/blog\/reise\/index.php?rest_route=\/wp\/v2\/types\/post"}],"author":[{"embeddable":true,"href":"https:\/\/eksm.de\/blog\/reise\/index.php?rest_route=\/wp\/v2\/users\/941"}],"replies":[{"embeddable":true,"href":"https:\/\/eksm.de\/blog\/reise\/index.php?rest_route=%2Fwp%2Fv2%2Fcomments&post=15787"}],"version-history":[{"count":1,"href":"https:\/\/eksm.de\/blog\/reise\/index.php?rest_route=\/wp\/v2\/posts\/15787\/revisions"}],"predecessor-version":[{"id":15788,"href":"https:\/\/eksm.de\/blog\/reise\/index.php?rest_route=\/wp\/v2\/posts\/15787\/revisions\/15788"}],"wp:attachment":[{"href":"https:\/\/eksm.de\/blog\/reise\/index.php?rest_route=%2Fwp%2Fv2%2Fmedia&parent=15787"}],"wp:term":[{"taxonomy":"category","embeddable":true,"href":"https:\/\/eksm.de\/blog\/reise\/index.php?rest_route=%2Fwp%2Fv2%2Fcategories&post=15787"},{"taxonomy":"post_tag","embeddable":true,"href":"https:\/\/eksm.de\/blog\/reise\/index.php?rest_route=%2Fwp%2Fv2%2Ftags&post=15787"}],"curies":[{"name":"wp","href":"https:\/\/api.w.org\/{rel}","templated":true}]}}