{"id":15798,"date":"2025-06-29T23:13:18","date_gmt":"2025-06-29T21:13:18","guid":{"rendered":"https:\/\/eksm.de\/blog\/reise\/?p=15798"},"modified":"2025-06-30T10:36:36","modified_gmt":"2025-06-30T08:36:36","slug":"795-ist-die-zahl-des-tages","status":"publish","type":"post","link":"https:\/\/eksm.de\/blog\/reise\/?p=15798","title":{"rendered":"795 ist die Zahl des Tages"},"content":{"rendered":"\n<p>795 km sind wir gefahren um dann von Seligenthal, wo wir nach der Andacht um 10.00 starteten, in Chleb\u00f3w Polen um 19.15 Uhr anzukommen. Vier Pausen haben wir gemacht. Wohlgelaunt wurden die Zelte aufgebaut und Frank k\u00fcmmerte sich derweil mit Unterst\u00fctzung von Immanuel und Johann um das Essen. Erbsensuppe stand auf dem Essenplan und Bockwurst. Bis das Essen fertig war, wurde noch mit dem Volleyball gespielt. Nach dem Essen wurde noch gesungen und sich unterhalten. Nach und nach wird es jetzt dunkel. Die ersten haben sich schon in die Zelte zur\u00fcckgezogen. Andrer erkunden noch die Gegend. Morgen geht es weiter Richtung Lettland. Johann besch\u00e4ftigt sich noch mit den Bildern und ich werde mich nach dem Schreiben auf die Suche nach Netz machen. Ich w\u00fcnsche eine Gute Nacht. Anton Becker.<\/p>\n\n\n\nngg_shortcode_0_placeholder\n","protected":false},"excerpt":{"rendered":"<p>795 km sind wir gefahren um dann von Seligenthal, wo wir nach der Andacht um 10.00 starteten, in Chleb\u00f3w Polen um 19.15 Uhr anzukommen. Vier Pausen haben wir gemacht. Wohlgelaunt wurden die Zelte aufgebaut und Frank k\u00fcmmerte sich derweil mit Unterst\u00fctzung von Immanuel und Johann um das Essen. Erbsensuppe stand auf dem Essenplan und Bockwurst. &hellip; <a href=\"https:\/\/eksm.de\/blog\/reise\/?p=15798\" class=\"more-link\"><span class=\"screen-reader-text\">795 ist die Zahl des Tages<\/span> weiterlesen <span class=\"meta-nav\">&rarr;<\/span><\/a><\/p>\n","protected":false},"author":941,"featured_media":0,"comment_status":"open","ping_status":"closed","sticky":false,"template":"","format":"standard","meta":{"ngg_post_thumbnail":0,"footnotes":"","_links_to":"","_links_to_target":""},"categories":[1],"tags":[],"class_list":["post-15798","post","type-post","status-publish","format-standard","hentry","category-allgemein"],"_links":{"self":[{"href":"https:\/\/eksm.de\/blog\/reise\/index.php?rest_route=\/wp\/v2\/posts\/15798","targetHints":{"allow":["GET"]}}],"collection":[{"href":"https:\/\/eksm.de\/blog\/reise\/index.php?rest_route=\/wp\/v2\/posts"}],"about":[{"href":"https:\/\/eksm.de\/blog\/reise\/index.php?rest_route=\/wp\/v2\/types\/post"}],"author":[{"embeddable":true,"href":"https:\/\/eksm.de\/blog\/reise\/index.php?rest_route=\/wp\/v2\/users\/941"}],"replies":[{"embeddable":true,"href":"https:\/\/eksm.de\/blog\/reise\/index.php?rest_route=%2Fwp%2Fv2%2Fcomments&post=15798"}],"version-history":[{"count":1,"href":"https:\/\/eksm.de\/blog\/reise\/index.php?rest_route=\/wp\/v2\/posts\/15798\/revisions"}],"predecessor-version":[{"id":15805,"href":"https:\/\/eksm.de\/blog\/reise\/index.php?rest_route=\/wp\/v2\/posts\/15798\/revisions\/15805"}],"wp:attachment":[{"href":"https:\/\/eksm.de\/blog\/reise\/index.php?rest_route=%2Fwp%2Fv2%2Fmedia&parent=15798"}],"wp:term":[{"taxonomy":"category","embeddable":true,"href":"https:\/\/eksm.de\/blog\/reise\/index.php?rest_route=%2Fwp%2Fv2%2Fcategories&post=15798"},{"taxonomy":"post_tag","embeddable":true,"href":"https:\/\/eksm.de\/blog\/reise\/index.php?rest_route=%2Fwp%2Fv2%2Ftags&post=15798"}],"curies":[{"name":"wp","href":"https:\/\/api.w.org\/{rel}","templated":true}]}}