{"id":15938,"date":"2025-07-04T23:10:35","date_gmt":"2025-07-04T21:10:35","guid":{"rendered":"https:\/\/eksm.de\/blog\/reise\/?p=15938"},"modified":"2025-07-04T23:10:35","modified_gmt":"2025-07-04T21:10:35","slug":"tallin-die-hauptstadt-estlands","status":"publish","type":"post","link":"https:\/\/eksm.de\/blog\/reise\/?p=15938","title":{"rendered":"Tallin \u2013 Die Hauptstadt Estlands"},"content":{"rendered":"\n<p>Heute ging es fr\u00fch los. 7.45 Uhr war das Fr\u00fchst\u00fcck angesetzt, schlie\u00dflich wollten wir um 8.30 Uhr starten. Nun es wurde 8.45 Uhr. Trotzdem erreichten wir den Treffpunkt mit Tuuli fast p\u00fcnktlich um 10.00 Uhr. Zur Freude der Jugendlichen hatten wir uns beim Decathlon verabredet. So wurde in den Laden erstmals ausgeschw\u00e4rmt. Anschlie\u00dfend wurden wir nach Tallin auf einen Parkplatz gelotst, auf dem wir unsere Busse stehenlassen konnten. Von da an ging es unter der F\u00fchrung von Tuuli in diese wundersch\u00f6ne Stadt. Zun\u00e4chst durch ein Viertel, in dem neues und Altes verschmolzen wurde. Das war auch gleichzeitig der erste Teil der Unterstadt. Wir kamen dann zum Rathaus, das nur noch zu repr\u00e4sentativen Zwecken dient. Die Verwaltung ist in neuere Geb\u00e4ude ausgewandert. Am Rathausplatz ist auch die \u00e4lteste Apotheke Europas aus dem Jahre 1422, die durchgehend als solche genutzt wurde, zu sehen. Sie wurde von einer Regensburger Apothekerfamilie gegr\u00fcndet. Anschlie\u00dfend ging es zur Heilig Geist Kirche und am russischen Konsulat vorbei hinauf in die Oberstadt. Diese wurde in alter Zeit mit Toren in der Nacht zur Unterstadt hin verschlossen. Tuuli f\u00fchrte uns zu zwei Aussichtspunkten, von denen wir auf die Stadt hinabschauen konnten. Wir machten ein Gruppenfoto und schon ging es wieder hinunter auf den Festplatz, wo um 14.00 Uhr, nach dem Glockenspiel der Kirche (Lobet den Herren) das Tanz- und S\u00e4ngerfest begann. Dass dieses gro\u00dfe Fest an diesem Wochenende stattfindet, konnte man im Stadtbild erkennen. \u00dcberall begegnete man Menschen in Tracht. Tuulis F\u00fchrung war mit dem Beginn des Festes beendet und die Jugendlichen hatten die M\u00f6glichkeit sich in der Stadt und in den Gesch\u00e4ften umzusehen. Treffen war um 18.00 Uhr an den Bussen angesetzt. Daraus wurde nichts, weil eine Tasche einer unserer Leute \u201eabhanden\u201c gekommen ist. Wir m\u00fcssen leider von einem Diebstahl ausgehen, was uns noch einige Arbeit abverlangen wird. Somit ging es erst sp\u00e4ter zur\u00fcck. Der kleine Bus konnte schon fr\u00fcher fahren und hatte zuhause die Aufgabe das Abendessen vorzubereiten. Als der gro\u00dfe Bus dann ankam, war alles bereit, so dass wir nahtlos essen konnten. Daf\u00fcr nahmen wir uns ausgiebig Zeit. Nach den Aufr\u00e4umarbeiten danach, konnte Schach gespielt werden und es schloss sich die \u201etraditionelle\u201c Werwolfrunde an. Da machte ich mich an den heutigen Bericht, den ich nun abschlie\u00dfe und mich nach dem Hochladen ins Bett begebe.<\/p>\n\n\n\nngg_shortcode_0_placeholder\n","protected":false},"excerpt":{"rendered":"<p>Heute ging es fr\u00fch los. 7.45 Uhr war das Fr\u00fchst\u00fcck angesetzt, schlie\u00dflich wollten wir um 8.30 Uhr starten. Nun es wurde 8.45 Uhr. Trotzdem erreichten wir den Treffpunkt mit Tuuli fast p\u00fcnktlich um 10.00 Uhr. Zur Freude der Jugendlichen hatten wir uns beim Decathlon verabredet. So wurde in den Laden erstmals ausgeschw\u00e4rmt. Anschlie\u00dfend wurden wir &hellip; <a href=\"https:\/\/eksm.de\/blog\/reise\/?p=15938\" class=\"more-link\"><span class=\"screen-reader-text\">Tallin \u2013 Die Hauptstadt Estlands<\/span> weiterlesen <span class=\"meta-nav\">&rarr;<\/span><\/a><\/p>\n","protected":false},"author":941,"featured_media":0,"comment_status":"open","ping_status":"closed","sticky":false,"template":"","format":"standard","meta":{"ngg_post_thumbnail":0,"footnotes":"","_links_to":"","_links_to_target":""},"categories":[1],"tags":[],"class_list":["post-15938","post","type-post","status-publish","format-standard","hentry","category-allgemein"],"_links":{"self":[{"href":"https:\/\/eksm.de\/blog\/reise\/index.php?rest_route=\/wp\/v2\/posts\/15938","targetHints":{"allow":["GET"]}}],"collection":[{"href":"https:\/\/eksm.de\/blog\/reise\/index.php?rest_route=\/wp\/v2\/posts"}],"about":[{"href":"https:\/\/eksm.de\/blog\/reise\/index.php?rest_route=\/wp\/v2\/types\/post"}],"author":[{"embeddable":true,"href":"https:\/\/eksm.de\/blog\/reise\/index.php?rest_route=\/wp\/v2\/users\/941"}],"replies":[{"embeddable":true,"href":"https:\/\/eksm.de\/blog\/reise\/index.php?rest_route=%2Fwp%2Fv2%2Fcomments&post=15938"}],"version-history":[{"count":1,"href":"https:\/\/eksm.de\/blog\/reise\/index.php?rest_route=\/wp\/v2\/posts\/15938\/revisions"}],"predecessor-version":[{"id":15940,"href":"https:\/\/eksm.de\/blog\/reise\/index.php?rest_route=\/wp\/v2\/posts\/15938\/revisions\/15940"}],"wp:attachment":[{"href":"https:\/\/eksm.de\/blog\/reise\/index.php?rest_route=%2Fwp%2Fv2%2Fmedia&parent=15938"}],"wp:term":[{"taxonomy":"category","embeddable":true,"href":"https:\/\/eksm.de\/blog\/reise\/index.php?rest_route=%2Fwp%2Fv2%2Fcategories&post=15938"},{"taxonomy":"post_tag","embeddable":true,"href":"https:\/\/eksm.de\/blog\/reise\/index.php?rest_route=%2Fwp%2Fv2%2Ftags&post=15938"}],"curies":[{"name":"wp","href":"https:\/\/api.w.org\/{rel}","templated":true}]}}