{"id":5214,"date":"2025-06-26T16:00:16","date_gmt":"2025-06-26T14:00:16","guid":{"rendered":"https:\/\/eksm.de\/blog\/seligenthal\/?p=5214"},"modified":"2025-06-26T16:01:35","modified_gmt":"2025-06-26T14:01:35","slug":"kirche-bewegt-kirchenfest-mit-konzert","status":"publish","type":"post","link":"https:\/\/eksm.de\/blog\/seligenthal\/?p=5214","title":{"rendered":"Kirche bewegt &#8211; Kirchenfest mit Konzert"},"content":{"rendered":"\n<figure class=\"wp-block-image size-large\"><a href=\"https:\/\/eksm.de\/blog\/seligenthal\/wp-content\/uploads\/2025\/06\/2025-07-05-Konzert-zum-Kirchenfest-KSM.jpg\"><img decoding=\"async\" src=\"https:\/\/eksm.de\/blog\/seligenthal\/wp-content\/uploads\/2025\/06\/2025-07-05-Konzert-zum-Kirchenfest-KSM-724x1024.jpg\" alt=\"\" class=\"wp-image-5215\"\/><\/a><\/figure>\n\n\n\n<p>Die erste \u201eKirche bewegt\u201c Aktion wird am Samstag, den 5. Juli in Kleinschmalkalden stattfinden. Wir beginnen mit einer Andacht um 17.00 Uhr und er\u00f6ffnen damit das Kirchenfest an der Gothaischen Kirche. Die Andacht geht in ein gem\u00fctliches Zusammensein bei Bratwurst, Getr\u00e4nk und Gespr\u00e4ch \u00fcber. Den Abschluss bildet gegen 19.00 Uhr ein Konzert des Chores RONDO VOCALE unter der Leitung von Rainer Timmermann, die eine Serenade f\u00fcr Chor, Instrumente und singende Gemeinde gestaltet.<\/p>\n\n\n\n<p>Der Kirchenvorstand Kleinschmalkalden freut sich, Sie, die Gemeindeglieder aus dem Gesamtverband, an diesem Tag bewirten zu k\u00f6nnen und das Konzert gemeinsam zu erleben.<\/p>\n","protected":false},"excerpt":{"rendered":"<div class=\"mh-excerpt\"><p>Die erste \u201eKirche bewegt\u201c Aktion wird am Samstag, den 5. Juli in Kleinschmalkalden stattfinden. Wir beginnen mit einer Andacht um 17.00 Uhr und er\u00f6ffnen damit das Kirchenfest an der Gothaischen Kirche. Die Andacht geht in <a class=\"mh-excerpt-more\" href=\"https:\/\/eksm.de\/blog\/seligenthal\/?p=5214\" title=\"Kirche bewegt &#8211; Kirchenfest mit Konzert\">[mehr&#8230;]<\/a><\/p>\n<\/div>","protected":false},"author":5,"featured_media":5215,"comment_status":"open","ping_status":"closed","sticky":false,"template":"","format":"standard","meta":{"ngg_post_thumbnail":0,"footnotes":""},"categories":[1],"tags":[],"class_list":{"0":"post-5214","1":"post","2":"type-post","3":"status-publish","4":"format-standard","5":"has-post-thumbnail","7":"category-allgemein"},"_links":{"self":[{"href":"https:\/\/eksm.de\/blog\/seligenthal\/index.php?rest_route=\/wp\/v2\/posts\/5214","targetHints":{"allow":["GET"]}}],"collection":[{"href":"https:\/\/eksm.de\/blog\/seligenthal\/index.php?rest_route=\/wp\/v2\/posts"}],"about":[{"href":"https:\/\/eksm.de\/blog\/seligenthal\/index.php?rest_route=\/wp\/v2\/types\/post"}],"author":[{"embeddable":true,"href":"https:\/\/eksm.de\/blog\/seligenthal\/index.php?rest_route=\/wp\/v2\/users\/5"}],"replies":[{"embeddable":true,"href":"https:\/\/eksm.de\/blog\/seligenthal\/index.php?rest_route=%2Fwp%2Fv2%2Fcomments&post=5214"}],"version-history":[{"count":1,"href":"https:\/\/eksm.de\/blog\/seligenthal\/index.php?rest_route=\/wp\/v2\/posts\/5214\/revisions"}],"predecessor-version":[{"id":5216,"href":"https:\/\/eksm.de\/blog\/seligenthal\/index.php?rest_route=\/wp\/v2\/posts\/5214\/revisions\/5216"}],"wp:featuredmedia":[{"embeddable":true,"href":"https:\/\/eksm.de\/blog\/seligenthal\/index.php?rest_route=\/wp\/v2\/media\/5215"}],"wp:attachment":[{"href":"https:\/\/eksm.de\/blog\/seligenthal\/index.php?rest_route=%2Fwp%2Fv2%2Fmedia&parent=5214"}],"wp:term":[{"taxonomy":"category","embeddable":true,"href":"https:\/\/eksm.de\/blog\/seligenthal\/index.php?rest_route=%2Fwp%2Fv2%2Fcategories&post=5214"},{"taxonomy":"post_tag","embeddable":true,"href":"https:\/\/eksm.de\/blog\/seligenthal\/index.php?rest_route=%2Fwp%2Fv2%2Ftags&post=5214"}],"curies":[{"name":"wp","href":"https:\/\/api.w.org\/{rel}","templated":true}]}}